{"id":8204,"date":"2021-01-23T00:34:00","date_gmt":"2021-01-23T03:34:00","guid":{"rendered":"http:\/\/www.toque-musicall.com\/?p=8204"},"modified":"2021-01-29T00:41:08","modified_gmt":"2021-01-29T03:41:08","slug":"manoel-da-conceicao-seu-violao-e-muito-samba-1963","status":"publish","type":"post","link":"https:\/\/www.toque-musicall.com\/?p=8204","title":{"rendered":"Manoel Da Concei\u00e7\u00e3o &#8211; Seu Viol\u00e3o E Muito Samba (1963)"},"content":{"rendered":"\n<figure class=\"wp-block-image size-large\"><img decoding=\"async\" src=\"https:\/\/1.bp.blogspot.com\/-gXOtPOBhvbc\/YA9OGZ9ccsI\/AAAAAAAAS6U\/_dEYUEqo9RIQSONCiQ3YdRwNyepFsHeigCLcBGAsYHQ\/w630-h640\/Anota%25C3%25A7%25C3%25A3o%2B2020-12-29%2B222400.jpg\" alt=\"\"\/><\/figure>\n\n\n\n<figure class=\"wp-block-image size-large\"><img decoding=\"async\" src=\"https:\/\/1.bp.blogspot.com\/-DkO_ws-OjpQ\/YA9OGTeD4FI\/AAAAAAAAS6Q\/o8A-kTam4QcB8u6J8bXcebHh_MPu-7RNACLcBGAsYHQ\/w622-h640\/Anota%25C3%25A7%25C3%25A3o%2B2020-12-29%2B222122.jpg\" alt=\"\"\/><\/figure>\n\n\n<div class=\"separator\">Boa noite, meus caros amigos cultos e ocultos! Aqui vamos n\u00f3s, sempre com uma nova surpresa a cada dia e para hoje temos este raro lp, lan\u00e7ado pela Polydor em 1963, trazendo o guitarrista e violonista autodidata Manoel da Concei\u00e7\u00e3o, tamb\u00e9m conhecido como &#8220;M\u00e3o de Vaca&#8221;. Come\u00e7ou a atuar profissionalmente na m\u00fasica a partir dos anos 50. Fez parte da orquestra de Rui Rey e Radam\u00e9s Gnatalli,\u00a0 acompanhou as cantoras \u00c2ngela Maria e Elizeth Cardoso e tamb\u00e9m teve seu conjunto. Fez v\u00e1rias apresenta\u00e7\u00f5es fora do Brasil e tamb\u00e9m trabalhou com Chico Anysio. Atuou nas r\u00e1dios, Nacional nos anos 60 e 70 e depois na r\u00e1dio MEC, onde tinha um programa.<\/div>\n<div class=\"separator\">Neste lp vamos encontrar o violonista desfilando em doze seletos sambas ao lado da orquestra e coro de Severino Filho. Disco bem bacana que os amigos aqui n\u00e3o poder\u00e3o perder. Confiram no GTM&#8230;<\/div>\n<div class=\"separator\">\u00a0<\/div>\n<div class=\"separator\">u\u00e9<\/div>\n<div class=\"separator\">s\u00f3 dan\u00e7o samba<\/div>\n<div class=\"separator\">\u00e9 a tua vez de sorrir<\/div>\n<div class=\"separator\">n\u00e3o vou me afobar<\/div>\n<div class=\"separator\">cart\u00e3o de visitas<\/div>\n<div class=\"separator\">na cad\u00eancia do samba<\/div>\n<div class=\"separator\">influ\u00eancia do jazz<\/div>\n<div class=\"separator\">samba enganador<\/div>\n<div class=\"separator\">pandorga, papagaio pipa<\/div>\n<div class=\"separator\">gostoso \u00e9 sambar<\/div>\n<div class=\"separator\">gama\u00e7\u00e3o<\/div>\n<div class=\"separator\">quero ficar s\u00f3<\/div>\n<div class=\"separator\">\u00a0<\/div>\n<div class=\"separator\">\u00a0<\/div>\n<div class=\"separator\">\u00a0<\/div>\n<div class=\"separator\">.<\/div>","protected":false},"excerpt":{"rendered":"<p>Boa noite, meus caros amigos cultos e ocultos! Aqui vamos n\u00f3s, sempre com uma nova surpresa a cada dia e para hoje temos este raro lp, lan\u00e7ado pela Polydor em 1963, trazendo o guitarrista e violonista autodidata Manoel da Concei\u00e7\u00e3o, &hellip; <a href=\"https:\/\/www.toque-musicall.com\/?p=8204\">Continue lendo <span class=\"meta-nav\">&rarr;<\/span><\/a><\/p>\n","protected":false},"author":1,"featured_media":0,"comment_status":"closed","ping_status":"closed","sticky":false,"template":"","format":"standard","meta":{"footnotes":""},"categories":[4257,146],"tags":[4260,4261,3057],"class_list":["post-8204","post","type-post","status-publish","format-standard","hentry","category-manoel-da-conceicao","category-selo-polydor","tag-manoel-da-conceicao","tag-mao-de-vaca","tag-selo-polydor"],"_links":{"self":[{"href":"https:\/\/www.toque-musicall.com\/index.php?rest_route=\/wp\/v2\/posts\/8204","targetHints":{"allow":["GET"]}}],"collection":[{"href":"https:\/\/www.toque-musicall.com\/index.php?rest_route=\/wp\/v2\/posts"}],"about":[{"href":"https:\/\/www.toque-musicall.com\/index.php?rest_route=\/wp\/v2\/types\/post"}],"author":[{"embeddable":true,"href":"https:\/\/www.toque-musicall.com\/index.php?rest_route=\/wp\/v2\/users\/1"}],"replies":[{"embeddable":true,"href":"https:\/\/www.toque-musicall.com\/index.php?rest_route=%2Fwp%2Fv2%2Fcomments&post=8204"}],"version-history":[{"count":1,"href":"https:\/\/www.toque-musicall.com\/index.php?rest_route=\/wp\/v2\/posts\/8204\/revisions"}],"predecessor-version":[{"id":8205,"href":"https:\/\/www.toque-musicall.com\/index.php?rest_route=\/wp\/v2\/posts\/8204\/revisions\/8205"}],"wp:attachment":[{"href":"https:\/\/www.toque-musicall.com\/index.php?rest_route=%2Fwp%2Fv2%2Fmedia&parent=8204"}],"wp:term":[{"taxonomy":"category","embeddable":true,"href":"https:\/\/www.toque-musicall.com\/index.php?rest_route=%2Fwp%2Fv2%2Fcategories&post=8204"},{"taxonomy":"post_tag","embeddable":true,"href":"https:\/\/www.toque-musicall.com\/index.php?rest_route=%2Fwp%2Fv2%2Ftags&post=8204"}],"curies":[{"name":"wp","href":"https:\/\/api.w.org\/{rel}","templated":true}]}}