{"id":8206,"date":"2021-01-24T00:37:00","date_gmt":"2021-01-24T03:37:00","guid":{"rendered":"http:\/\/www.toque-musicall.com\/?p=8206"},"modified":"2021-01-29T00:39:36","modified_gmt":"2021-01-29T03:39:36","slug":"maricenne-correntes-alternadas-1992","status":"publish","type":"post","link":"https:\/\/www.toque-musicall.com\/?p=8206","title":{"rendered":"Maricenne &#8211; Correntes Alternadas (1992)"},"content":{"rendered":"\n<figure class=\"wp-block-image size-large\"><img decoding=\"async\" src=\"https:\/\/1.bp.blogspot.com\/-96KkAyxJYNw\/YA9pUa7f9KI\/AAAAAAAAS6o\/LpLRUbGWY2QTnS5lkhPJ9yqv65csM_hiwCLcBGAsYHQ\/w638-h640\/Anota%25C3%25A7%25C3%25A3o%2B2021-01-25%2B210732.jpg\" alt=\"\"\/><\/figure>\n\n\n\n<figure class=\"wp-block-image size-large\"><img decoding=\"async\" src=\"https:\/\/1.bp.blogspot.com\/-p1Dy9C__K4w\/YA9pdCA0CzI\/AAAAAAAAS6w\/w683stqSkNk743OK5hSm6RoqUeOyOILggCLcBGAsYHQ\/w640-h636\/Anota%25C3%25A7%25C3%25A3o%2B2021-01-25%2B210804.jpg\" alt=\"\"\/><\/figure>\n\n\n<div class=\"separator\">Boa noite, amigos cultos e ocultos! A m\u00fasica brasileira e seus artistas tem hist\u00f3rias realmente surpreendentes. A cada dia descobrimos coisas que nem imagin\u00e1vamos. H\u00e1 pouco tempo atr\u00e1s encontrei este disco em um sebo. Me chamou a aten\u00e7\u00e3o logo pela capa, me pareceu logo de cara um disco de alguma artista alternativa, coisas obscuras da produ\u00e7\u00e3o independente paulista. Mal sabia eu quem era Maricenne at\u00e9 ler com aten\u00e7\u00e3o o encarte do disco. Fiquei realmente surpreso, primeiro pelo trabalho, este lp chamado &#8220;Correntes Alternadas&#8221;, disco produzido por Paulo Barnab\u00e9, com participa\u00e7\u00f5es inusitadas que v\u00e3o da banda punk Inocentes ao violonista Paulinho Nogueira e mais&#8230; Tem espa\u00e7o para Tom Z\u00e9 e Richie, Paulo Vanzollini, Haroldo Barbosa&#8230; \u00c9, sem d\u00favida, um trabalho diferente, de vanguarda e isso se v\u00ea tamb\u00e9m no repert\u00f3rio. Maricenne parece n\u00e3o ter um p\u00fablico certo, mas nesse conjunto musical ela demonstra um ecletismo dos mais saud\u00e1veis que n\u00e3o soa feio ou pretencioso, mito pelo contr\u00e1rio, ela passeia bem por diferentes g\u00eaneros e o disco, no geral \u00e9 realmente muito bom. Por\u00e9m, as surpresas n\u00e3o param por a\u00ed. A coisa fica ainda mais interessante quando descobrimos que Maricenne n\u00e3o \u00e9 uma novidade, muito pelo contr\u00e1rio, tem uma trajet\u00f3ria art\u00edstica de chamar a aten\u00e7\u00e3o. Sua carreira come\u00e7a ainda nos anos 50. Quando adolescente j\u00e1 fazia parte de um grupo musical em sua cidade natal, Cruzeiro (SP). Ficou famosa da noite para o dia quando venceu o concurso &#8220;Voz de Ouro ABC&#8221; da TV Tupi. Teve nesta emissora um programa em hor\u00e1rio nobre, gravou seu primeiro disco, ainda em 78 rpm. Trabalhou tamb\u00e9m na TV Record e j\u00e1 no in\u00edcio dos anos 60 passou a se apresentar em casas noturnas ao lado grandes m\u00fasicos como Pedrinho Mattar, Manfredo Fest e Walter Wanderley. Viajou e se apresentou em temporadas na Espanha e Portugal. Em 1964 gravou num compacto, a &#8220;Marcha para um dia de sol&#8221;, primeiro registro gravado de uma m\u00fasica de Chico Buarque de Holanda. Participou de v\u00e1rios dos grandes festivais de m\u00fasica dos anos 60. Trabalhou com Walter Wanderley nos Estados Unidos, participando de diversos shows por l\u00e1, o que lhe rendeu um contrato com uma grande gravadora, mas infelizmente teve problemas como seu empres\u00e1rio e acabou voltando para o Brasil. Na d\u00e9cada de 70 passou a trabalhar tamb\u00e9m como atriz, retomando as atividades de cantora no final desta d\u00e9cada, quando ent\u00e3o gravou seu primeiro lp, em 1980. &#8220;Correntes Alternadas&#8221; foi assim o seu segundo disco, um registro fonogr\u00e1fico que merece muito a nossa aten\u00e7\u00e3o. Com um pouco de sorte, quem se liga em vinil, pode ser que encontre um exemplar ainda dando sopa no Mercado Livre. Pura raridade que vale a pena conhecer. ..<\/div>\n<div class=\"separator\">\u00a0<\/div>\n<div class=\"separator\">muito prazer<\/div>\n<div class=\"separator\">wild life<\/div>\n<div class=\"separator\">dor de dente<\/div>\n<div class=\"separator\">angelitos negros<\/div>\n<div class=\"separator\">garotos do sub\u00farbio<\/div>\n<div class=\"separator\">valsa das tr\u00eas da manh\u00e3<\/div>\n<div class=\"separator\">c\u00e9u cor de rosa<\/div>\n<div class=\"separator\">foot prints in the sand<\/div>\n<div class=\"separator\">eterno enlevo<\/div>\n<div class=\"separator\">\u00a0<\/div>\n<div class=\"separator\">\u00a0<\/div>\n<div class=\"separator\">.<\/div>\n<div class=\"separator\">\u00a0<\/div>","protected":false},"excerpt":{"rendered":"<p>Boa noite, amigos cultos e ocultos! A m\u00fasica brasileira e seus artistas tem hist\u00f3rias realmente surpreendentes. A cada dia descobrimos coisas que nem imagin\u00e1vamos. H\u00e1 pouco tempo atr\u00e1s encontrei este disco em um sebo. Me chamou a aten\u00e7\u00e3o logo pela &hellip; <a href=\"https:\/\/www.toque-musicall.com\/?p=8206\">Continue lendo <span class=\"meta-nav\">&rarr;<\/span><\/a><\/p>\n","protected":false},"author":1,"featured_media":0,"comment_status":"closed","ping_status":"closed","sticky":false,"template":"","format":"standard","meta":{"footnotes":""},"categories":[4258,25],"tags":[4259,3017],"class_list":["post-8206","post","type-post","status-publish","format-standard","hentry","category-maricenne","category-selo-independente","tag-maricenne","tag-selo-independente"],"_links":{"self":[{"href":"https:\/\/www.toque-musicall.com\/index.php?rest_route=\/wp\/v2\/posts\/8206","targetHints":{"allow":["GET"]}}],"collection":[{"href":"https:\/\/www.toque-musicall.com\/index.php?rest_route=\/wp\/v2\/posts"}],"about":[{"href":"https:\/\/www.toque-musicall.com\/index.php?rest_route=\/wp\/v2\/types\/post"}],"author":[{"embeddable":true,"href":"https:\/\/www.toque-musicall.com\/index.php?rest_route=\/wp\/v2\/users\/1"}],"replies":[{"embeddable":true,"href":"https:\/\/www.toque-musicall.com\/index.php?rest_route=%2Fwp%2Fv2%2Fcomments&post=8206"}],"version-history":[{"count":1,"href":"https:\/\/www.toque-musicall.com\/index.php?rest_route=\/wp\/v2\/posts\/8206\/revisions"}],"predecessor-version":[{"id":8207,"href":"https:\/\/www.toque-musicall.com\/index.php?rest_route=\/wp\/v2\/posts\/8206\/revisions\/8207"}],"wp:attachment":[{"href":"https:\/\/www.toque-musicall.com\/index.php?rest_route=%2Fwp%2Fv2%2Fmedia&parent=8206"}],"wp:term":[{"taxonomy":"category","embeddable":true,"href":"https:\/\/www.toque-musicall.com\/index.php?rest_route=%2Fwp%2Fv2%2Fcategories&post=8206"},{"taxonomy":"post_tag","embeddable":true,"href":"https:\/\/www.toque-musicall.com\/index.php?rest_route=%2Fwp%2Fv2%2Ftags&post=8206"}],"curies":[{"name":"wp","href":"https:\/\/api.w.org\/{rel}","templated":true}]}}