{"id":8208,"date":"2021-01-25T01:35:00","date_gmt":"2021-01-25T04:35:00","guid":{"rendered":"http:\/\/www.toque-musicall.com\/?p=8208"},"modified":"2021-01-29T01:37:28","modified_gmt":"2021-01-29T04:37:28","slug":"banda-azul-espelho-nos-olhos-1988","status":"publish","type":"post","link":"https:\/\/www.toque-musicall.com\/?p=8208","title":{"rendered":"Banda Azul &#8211; Espelho Nos Olhos (1988)"},"content":{"rendered":"\n<figure class=\"wp-block-image size-large\"><img decoding=\"async\" src=\"https:\/\/1.bp.blogspot.com\/-HZBpntIluZ0\/YBOE7x8vmxI\/AAAAAAAAS7Q\/yZucFIva4V0wgXrvDZ9cCI7FdwR8g7MXQCLcBGAsYHQ\/w640-h636\/banda%2Bazul%2BP.JPG\" alt=\"\"\/><\/figure>\n\n\n\n<figure class=\"wp-block-image size-large\"><img decoding=\"async\" src=\"https:\/\/1.bp.blogspot.com\/-_bRjarTD92c\/YBOE77vdeII\/AAAAAAAAS7M\/CB3hiHkpixwT0aHcPTazMpu1IJEGSUy4QCLcBGAsYHQ\/w640-h632\/Anota%25C3%25A7%25C3%25A3o%2B2021-01-29%2B004433.jpg\" alt=\"\"\/><\/figure>\n\n\n<div class=\"separator\">Boa noite, amigos cultos e ocultos! Dentro das escolhas aleat\u00f3rias, do nosso &#8216;drops misto&#8217; de janeiro, hoje o nosso encontro \u00e9 com a Banda Azul, um grupo musical evang\u00e9lico formado em Belo Horizonte nos anos 80. A Banda Azul em seu disco &#8220;Espelho dos Olhos&#8221; \u00e9 considerado um dos cl\u00e1ssicos do chamado &#8216;rock crist\u00e3o&#8217;. Liderada pelo cantor, compositor Janires Magalh\u00e3es Manso. Gravaram este lp, com produ\u00e7\u00e3o do pr\u00f3prio Janires que infelizmente veio a falecer em um acidente de autom\u00f3vel, alguns meses antes do lan\u00e7amento do lp. Eis a\u00ed um trabalho interessante que agrada n\u00e3o apenas ao p\u00fablico evang\u00e9lico. Confiram no GTM&#8230;<\/div>\n<div class=\"separator\">\u00a0<\/div>\n<div class=\"separator\">can\u00e7\u00e3o das estrelas<\/div>\n<div class=\"separator\">espelho nos olhos<\/div>\n<div class=\"separator\">foi por voc\u00ea<\/div>\n<div class=\"separator\">amigo amiga<\/div>\n<div class=\"separator\">veleiro<\/div>\n<div class=\"separator\">bai\u00e3o eletr\u00f4nico<\/div>\n<div class=\"separator\">amigo poeta<\/div>\n<div class=\"separator\">meninos da rua<\/div>\n<div class=\"separator\">cora\u00e7\u00e3o azul<\/div>\n<div class=\"separator\">trem da amizade<\/div>\n<div class=\"separator\">\u00a0<\/div>\n<div class=\"separator\">\u00a0<\/div>\n<div class=\"separator\">.<\/div>","protected":false},"excerpt":{"rendered":"<p>Boa noite, amigos cultos e ocultos! Dentro das escolhas aleat\u00f3rias, do nosso &#8216;drops misto&#8217; de janeiro, hoje o nosso encontro \u00e9 com a Banda Azul, um grupo musical evang\u00e9lico formado em Belo Horizonte nos anos 80. A Banda Azul em &hellip; <a href=\"https:\/\/www.toque-musicall.com\/?p=8208\">Continue lendo <span class=\"meta-nav\">&rarr;<\/span><\/a><\/p>\n","protected":false},"author":1,"featured_media":0,"comment_status":"closed","ping_status":"closed","sticky":false,"template":"","format":"standard","meta":{"footnotes":""},"categories":[4262,25],"tags":[4263,3017],"class_list":["post-8208","post","type-post","status-publish","format-standard","hentry","category-banda-azul","category-selo-independente","tag-banda-azul","tag-selo-independente"],"_links":{"self":[{"href":"https:\/\/www.toque-musicall.com\/index.php?rest_route=\/wp\/v2\/posts\/8208","targetHints":{"allow":["GET"]}}],"collection":[{"href":"https:\/\/www.toque-musicall.com\/index.php?rest_route=\/wp\/v2\/posts"}],"about":[{"href":"https:\/\/www.toque-musicall.com\/index.php?rest_route=\/wp\/v2\/types\/post"}],"author":[{"embeddable":true,"href":"https:\/\/www.toque-musicall.com\/index.php?rest_route=\/wp\/v2\/users\/1"}],"replies":[{"embeddable":true,"href":"https:\/\/www.toque-musicall.com\/index.php?rest_route=%2Fwp%2Fv2%2Fcomments&post=8208"}],"version-history":[{"count":1,"href":"https:\/\/www.toque-musicall.com\/index.php?rest_route=\/wp\/v2\/posts\/8208\/revisions"}],"predecessor-version":[{"id":8209,"href":"https:\/\/www.toque-musicall.com\/index.php?rest_route=\/wp\/v2\/posts\/8208\/revisions\/8209"}],"wp:attachment":[{"href":"https:\/\/www.toque-musicall.com\/index.php?rest_route=%2Fwp%2Fv2%2Fmedia&parent=8208"}],"wp:term":[{"taxonomy":"category","embeddable":true,"href":"https:\/\/www.toque-musicall.com\/index.php?rest_route=%2Fwp%2Fv2%2Fcategories&post=8208"},{"taxonomy":"post_tag","embeddable":true,"href":"https:\/\/www.toque-musicall.com\/index.php?rest_route=%2Fwp%2Fv2%2Ftags&post=8208"}],"curies":[{"name":"wp","href":"https:\/\/api.w.org\/{rel}","templated":true}]}}