{"id":821,"date":"2010-06-08T09:27:00","date_gmt":"2010-06-08T09:27:00","guid":{"rendered":"http:\/\/www.toque-musicall.com\/?p=821"},"modified":"2010-06-08T09:27:00","modified_gmt":"2010-06-08T09:27:00","slug":"os-boemios-1965","status":"publish","type":"post","link":"https:\/\/www.toque-musicall.com\/?p=821","title":{"rendered":"Os Bo\u00eamios (1965)"},"content":{"rendered":"<p><a href=\"http:\/\/2.bp.blogspot.com\/_DSKVEvHtskc\/TA4NVMGpk3I\/AAAAAAAAGoY\/VjY7UKasBVM\/s1600\/os+bo%C3%AAmios+P.JPG\"><img decoding=\"async\" style=\"TEXT-ALIGN: center; MARGIN: 0px auto 10px; WIDTH: 400px; DISPLAY: block; HEIGHT: 400px; CURSOR: hand\" id=\"BLOGGER_PHOTO_ID_5480332454234002290\" border=\"0\" alt=\"\" src=\"http:\/\/2.bp.blogspot.com\/_DSKVEvHtskc\/TA4NVMGpk3I\/AAAAAAAAGoY\/VjY7UKasBVM\/s400\/os+bo%C3%AAmios+P.JPG\" \/><\/a> Ol\u00e1s! Apostando na compet\u00eancia dos meus queridos colaboradores, estou trazendo agora um disco o qual as informa\u00e7\u00f5es que possuo s\u00e3o apenas as de contracapa. Espero que algu\u00e9m apare\u00e7a com informa\u00e7\u00f5es complementares, pois este disco \u00e9 realmente muito interessante e vale o toque. Trata-se de um grupo de chorinho intitulado &#8220;Os Bo\u00eamios&#8221;. Um lan\u00e7amento da Musidisc sob o selo R\u00e1dio. Pelo que consta na contracapa, o presente \u00e1lbum faz parte de uma s\u00e9rie criada pela gravadora, onde temos al\u00e9m deste, o Conjunto Caravelle e Ed Lincoln. Suponho, tomando pelo disco do Ed, que esta s\u00e9rie re\u00fane colet\u00e2neas. O disco dOs Bo\u00eamios pode muito bem ser alguma coisa assim. Algum pseud\u00f4nimo, algum relan\u00e7amento como cara de coisa nova. A Musidisc tamb\u00e9m era mestre nessas jogadas comerciais.<br \/>O certo \u00e9 que independente do obscurantismo, o disco que temos aqui \u00e9 \u00f3timo. Eu disse logo acima que se trata de um grupo de choro, mas devo corrigir para um grupo de seresta. Na seresta tem chorinho, mas tem tamb\u00e9m valsinhas. O repert\u00f3rio \u00e9 dos mais conhecidos, com doze faixas em grava\u00e7\u00f5es de muito boa qualidade, entre choros e valsas seresteiras. Quero destacar aqui a faixa de abertura, o famoso chorinho &#8220;Andr\u00e9 de sapato novo&#8221;, uma interpreta\u00e7\u00e3o das mais belas que eu j\u00e1 ouvi da m\u00fasica. A grava\u00e7\u00e3o est\u00e1 perfeita \ud83d\ude09 Confiram e comentem!<\/p>\n<div align=\"center\">andr\u00e9 de sapato novo<\/div>\n<div align=\"center\">ameno resed\u00e1<\/div>\n<div align=\"center\">naquele tempo<\/div>\n<div align=\"center\">flor amorosa<\/div>\n<div align=\"center\">numa seresta<\/div>\n<div align=\"center\">bambino<\/div>\n<div align=\"center\">l\u00e1grimas de virgem<\/div>\n<div align=\"center\">boneca<\/div>\n<div align=\"center\">ave maria<\/div>\n<div align=\"center\">abismo de rosas<\/div>\n<div align=\"center\">\u00faltima inspira\u00e7\u00e3o<\/div>\n<div align=\"center\">primavera<\/div>\n","protected":false},"excerpt":{"rendered":"<p>Ol\u00e1s! Apostando na compet\u00eancia dos meus queridos colaboradores, estou trazendo agora um disco o qual as informa\u00e7\u00f5es que possuo s\u00e3o apenas as de contracapa. Espero que algu\u00e9m apare\u00e7a com informa\u00e7\u00f5es complementares, pois este disco \u00e9 realmente muito interessante e vale &hellip; <a href=\"https:\/\/www.toque-musicall.com\/?p=821\">Continue lendo <span class=\"meta-nav\">&rarr;<\/span><\/a><\/p>\n","protected":false},"author":1,"featured_media":0,"comment_status":"open","ping_status":"closed","sticky":false,"template":"","format":"standard","meta":{"footnotes":""},"categories":[1122],"tags":[],"class_list":["post-821","post","type-post","status-publish","format-standard","hentry","category-os-boemios"],"_links":{"self":[{"href":"https:\/\/www.toque-musicall.com\/index.php?rest_route=\/wp\/v2\/posts\/821","targetHints":{"allow":["GET"]}}],"collection":[{"href":"https:\/\/www.toque-musicall.com\/index.php?rest_route=\/wp\/v2\/posts"}],"about":[{"href":"https:\/\/www.toque-musicall.com\/index.php?rest_route=\/wp\/v2\/types\/post"}],"author":[{"embeddable":true,"href":"https:\/\/www.toque-musicall.com\/index.php?rest_route=\/wp\/v2\/users\/1"}],"replies":[{"embeddable":true,"href":"https:\/\/www.toque-musicall.com\/index.php?rest_route=%2Fwp%2Fv2%2Fcomments&post=821"}],"version-history":[{"count":0,"href":"https:\/\/www.toque-musicall.com\/index.php?rest_route=\/wp\/v2\/posts\/821\/revisions"}],"wp:attachment":[{"href":"https:\/\/www.toque-musicall.com\/index.php?rest_route=%2Fwp%2Fv2%2Fmedia&parent=821"}],"wp:term":[{"taxonomy":"category","embeddable":true,"href":"https:\/\/www.toque-musicall.com\/index.php?rest_route=%2Fwp%2Fv2%2Fcategories&post=821"},{"taxonomy":"post_tag","embeddable":true,"href":"https:\/\/www.toque-musicall.com\/index.php?rest_route=%2Fwp%2Fv2%2Ftags&post=821"}],"curies":[{"name":"wp","href":"https:\/\/api.w.org\/{rel}","templated":true}]}}