{"id":8213,"date":"2021-01-27T01:20:00","date_gmt":"2021-01-27T03:20:00","guid":{"rendered":"http:\/\/www.toque-musicall.com\/?p=8213"},"modified":"2021-02-02T01:36:58","modified_gmt":"2021-02-02T03:36:58","slug":"caetano-gal-joao-chega-de-saudade-na-tv-tupi-71-2021","status":"publish","type":"post","link":"https:\/\/www.toque-musicall.com\/?p=8213","title":{"rendered":"Caetano Gal &#038; Jo\u00e3o &#8211; Chega De Saudade Na TV Tupi 71 (2021)"},"content":{"rendered":"\n<figure class=\"wp-block-image size-large\"><img decoding=\"async\" src=\"https:\/\/1.bp.blogspot.com\/-IL1wfIX4wM0\/YBi2Q6sYLnI\/AAAAAAAAS8w\/vT8EQadXQ2MsVjYW9I3UAun5DNEZMr-AgCLcBGAsYHQ\/w640-h638\/Anota%25C3%25A7%25C3%25A3o%2B2021-02-01%2B231625.jpg\" alt=\"\"\/><\/figure>\n\n\n\n<figure class=\"wp-block-image size-large\"><img decoding=\"async\" src=\"https:\/\/1.bp.blogspot.com\/-yMMNFFy1xxA\/YBi2QwbOQfI\/AAAAAAAAS8s\/WqvrXe4cBuwmgOjHQrDFa-1NaX-RdR-uwCLcBGAsYHQ\/w640-h640\/Anota%25C3%25A7%25C3%25A3o%2B2021-02-01%2B231652.jpg\" alt=\"\"\/><\/figure>\n\n\n<div class=\"separator\">Ol\u00e1, amigos cultos e ocultos! Antes que janeiro se acabe, cabe ao nosso toque musical uma curiosidade, que j\u00e1 n\u00e3o \u00e9 novidade, por\u00e9m se encaixa como uma luva em nossa proposta de edi\u00e7\u00f5es alternativas para registros musicais hist\u00f3ricos e at\u00e9 mesmo daquilo que nos pare\u00e7a relevantes e agrad\u00e1vel de realizar.<\/div>\n<div class=\"separator\">Como todos devem saber, isso \u00e9 apenas uma curti\u00e7\u00e3o.<\/div>\n<div class=\"separator\">Aqui temos uma sele\u00e7\u00e3o de trechos de \u00e1udios extra\u00eddos de um encontro de Jo\u00e3o Gilberto, Caetano Veloso e Gal Costa gravados na antiga TV Tupi, em 1971. Esses \u00e1udios s\u00e3o os mesmos que podem ser encontrados no YouTube, por\u00e9m, em nossa edi\u00e7\u00e3o exclusiva demos um &#8216;upgrade&#8217; em tudo e tamb\u00e9m criamos a capinha. Assim, temos mais um disquinho da s\u00e9rie &#8220;Toque Musical&#8221;.<\/div>\n<div class=\"separator\">Segundo coment\u00e1rios em uma das postagens no YouTube, logo ap\u00f3s o programa de tv, eles ficaram de lan\u00e7ar um disco com os melhores momentos, o que prova que existe realmente um \u00e1udio de qualidade aguardando para ser ouvido, mas que infelizmente, na \u00e9poca, Jo\u00e3o Gilberto n\u00e3o gostou e vetou o lan\u00e7amento. O disco est\u00e1 pronto, segundo o autor do coment\u00e1rio, mas por enquanto aguardando a libera\u00e7\u00e3o dos direitos por parte dos filhos. Da\u00ed, \u00e9 outra hist\u00f3ria&#8230; Segue o barco&#8230;<\/div>\n<div class=\"separator\">Confiram nossa edi\u00e7\u00e3o no GTM.<\/div>\n<div class=\"separator\">\u00a0<\/div>\n<div class=\"separator\">arlequim de bronze &#8211; gal costa e jo\u00e3o gilberto<\/div>\n<div class=\"separator\">falsa baiana &#8211; gal costa<\/div>\n<div class=\"separator\">baby &#8211; gal costa e caetano veloso<\/div>\n<div class=\"separator\">asa branca &#8211; caetano veloso<\/div>\n<div class=\"separator\">a felicidade &#8211; caetano veloso e gal costa<\/div>\n<div class=\"separator\">desafinado &#8211; jo\u00e3o gilberto<\/div>\n<div class=\"separator\">chega de saudade &#8211; jo\u00e3o gilberto<\/div>\n<div class=\"separator\">retratro em branco e preto &#8211; jo\u00e3o gilberto<\/div>\n<div class=\"separator\">na asa do vento &#8211; caetano veloso e gal costa<\/div>\n<div class=\"separator\">fruta gogoia &#8211; caetano veloso<\/div>\n<div class=\"separator\">voc\u00ea j\u00e1 foi a bahia &#8211; jo\u00e3o gilberto e caetano veloso<\/div>\n<div class=\"separator\">largo da lapa &#8211; jo\u00e3o gilberto e gal costa<\/div>\n<div class=\"separator\">de noite na cama &#8211; caetano veloso<\/div>\n<div class=\"separator\">a tua presen\u00e7a morena &#8211; caetano veloso<\/div>\n<div class=\"separator\">cora\u00e7\u00e3o vagabundo &#8211; caetano veloso, jo\u00e3o gilberto e gal costa<\/div>\n<div class=\"separator\">saudade da bahia &#8211; caetano veloso, jo\u00e3o gilberto e gal costa<\/div>\n<div class=\"separator\">a primeira vez &#8211; jo\u00e3o gilberto<\/div>\n<div class=\"separator\">odete &#8211; jo\u00e3o gilberto<\/div>\n<div class=\"separator\">que h\u00e1 de dizer &#8211; jo\u00e3o gilberto<\/div>\n<div class=\"separator\">retrato e branco e preto &#8211; jo\u00e3o gilberto (b\u00f4nus)<\/div>\n<div class=\"separator\">\u00a0<\/div>\n<div class=\"separator\">\u00a0<\/div>\n<div class=\"separator\">\u00a0<\/div>\n<div class=\"separator\">.<\/div>","protected":false},"excerpt":{"rendered":"<p>Ol\u00e1, amigos cultos e ocultos! Antes que janeiro se acabe, cabe ao nosso toque musical uma curiosidade, que j\u00e1 n\u00e3o \u00e9 novidade, por\u00e9m se encaixa como uma luva em nossa proposta de edi\u00e7\u00f5es alternativas para registros musicais hist\u00f3ricos e at\u00e9 &hellip; <a href=\"https:\/\/www.toque-musicall.com\/?p=8213\">Continue lendo <span class=\"meta-nav\">&rarr;<\/span><\/a><\/p>\n","protected":false},"author":1,"featured_media":0,"comment_status":"closed","ping_status":"closed","sticky":false,"template":"","format":"standard","meta":{"footnotes":""},"categories":[136,3457,291,292],"tags":[3265,3429,3186,4268],"class_list":["post-8213","post","type-post","status-publish","format-standard","hentry","category-caetano-veloso","category-exclusivos-toque-musical","category-gal-costa","category-joao-gilberto","tag-caetano-veloso","tag-exclusivos-do-toque-musical","tag-gal-costa","tag-joao-gilberto"],"_links":{"self":[{"href":"https:\/\/www.toque-musicall.com\/index.php?rest_route=\/wp\/v2\/posts\/8213","targetHints":{"allow":["GET"]}}],"collection":[{"href":"https:\/\/www.toque-musicall.com\/index.php?rest_route=\/wp\/v2\/posts"}],"about":[{"href":"https:\/\/www.toque-musicall.com\/index.php?rest_route=\/wp\/v2\/types\/post"}],"author":[{"embeddable":true,"href":"https:\/\/www.toque-musicall.com\/index.php?rest_route=\/wp\/v2\/users\/1"}],"replies":[{"embeddable":true,"href":"https:\/\/www.toque-musicall.com\/index.php?rest_route=%2Fwp%2Fv2%2Fcomments&post=8213"}],"version-history":[{"count":1,"href":"https:\/\/www.toque-musicall.com\/index.php?rest_route=\/wp\/v2\/posts\/8213\/revisions"}],"predecessor-version":[{"id":8214,"href":"https:\/\/www.toque-musicall.com\/index.php?rest_route=\/wp\/v2\/posts\/8213\/revisions\/8214"}],"wp:attachment":[{"href":"https:\/\/www.toque-musicall.com\/index.php?rest_route=%2Fwp%2Fv2%2Fmedia&parent=8213"}],"wp:term":[{"taxonomy":"category","embeddable":true,"href":"https:\/\/www.toque-musicall.com\/index.php?rest_route=%2Fwp%2Fv2%2Fcategories&post=8213"},{"taxonomy":"post_tag","embeddable":true,"href":"https:\/\/www.toque-musicall.com\/index.php?rest_route=%2Fwp%2Fv2%2Ftags&post=8213"}],"curies":[{"name":"wp","href":"https:\/\/api.w.org\/{rel}","templated":true}]}}