{"id":8217,"date":"2021-01-28T22:29:00","date_gmt":"2021-01-29T00:29:00","guid":{"rendered":"http:\/\/www.toque-musicall.com\/?p=8217"},"modified":"2021-02-04T22:31:25","modified_gmt":"2021-02-05T00:31:25","slug":"waldir-calmon-ritmos-melodicos-no-3-1953","status":"publish","type":"post","link":"https:\/\/www.toque-musicall.com\/?p=8217","title":{"rendered":"Waldir Calmon &#8211; Ritmos Mel\u00f3dicos N\u00ba 3 (1953)"},"content":{"rendered":"\n<figure class=\"wp-block-image size-large\"><img decoding=\"async\" src=\"https:\/\/1.bp.blogspot.com\/-151tv2uUrnc\/YBtczQcpx7I\/AAAAAAAAS9c\/QSbBtTeqJ90o4Mr2BfELgqs4rllWVVjKQCLcBGAsYHQ\/w634-h640\/Anota%25C3%25A7%25C3%25A3o%2B2021-02-03%2B223219.jpg\" alt=\"\"\/><\/figure>\n\n\n\n<figure class=\"wp-block-image size-large\"><img decoding=\"async\" src=\"https:\/\/1.bp.blogspot.com\/-WdhvjTVJiCo\/YBtczWnI0FI\/AAAAAAAAS9Y\/NOTPOnjXVcMiSdxdTMaLR6A75H42hHFjgCLcBGAsYHQ\/w640-h638\/Anota%25C3%25A7%25C3%25A3o%2B2021-02-03%2B223251.jpg\" alt=\"\"\/><\/figure>\n\n\n<div class=\"separator\">Boa noite, meus amigos cultos e ocultos! Nosso encontro de hoje \u00e9 com o Waldir Calmon, um artista muito apreciado por aqui. J\u00e1 postamos v\u00e1rios discos dele em nosso Toque Musical e hoje e mais uma vez est\u00e1 de volta em lp de 10 polegadas, disco lan\u00e7ado em 1953 pelo selo R\u00e1dio. Um sequencia de oito temas originais que Waldir Calmon e seu conjunto interpretam com maestria e eleg\u00e2ncia. \ud83d\ude42 N\u00e3o deixem de conferir no GTM&#8230;.<\/div>\n<div class=\"separator\">\u00a0<\/div>\n<div class=\"separator\">mambai\u00e3o<\/div>\n<div class=\"separator\">aus\u00eancia amarga<\/div>\n<div class=\"separator\">gorgeiando<\/div>\n<div class=\"separator\">ningu\u00e9m<\/div>\n<div class=\"separator\">da-me tuas m\u00e3os<\/div>\n<div class=\"separator\">o sorriso do mamede<\/div>\n<div class=\"separator\">chuva e pranto<\/div>\n<div class=\"separator\">foi assim<\/div>\n<div class=\"separator\">\u00a0<\/div>\n<div class=\"separator\">\u00a0<\/div>\n<div class=\"separator\">.<\/div>","protected":false},"excerpt":{"rendered":"<p>Boa noite, meus amigos cultos e ocultos! Nosso encontro de hoje \u00e9 com o Waldir Calmon, um artista muito apreciado por aqui. J\u00e1 postamos v\u00e1rios discos dele em nosso Toque Musical e hoje e mais uma vez est\u00e1 de volta &hellip; <a href=\"https:\/\/www.toque-musicall.com\/?p=8217\">Continue lendo <span class=\"meta-nav\">&rarr;<\/span><\/a><\/p>\n","protected":false},"author":1,"featured_media":0,"comment_status":"closed","ping_status":"closed","sticky":false,"template":"","format":"standard","meta":{"footnotes":""},"categories":[221,665],"tags":[3495,3841],"class_list":["post-8217","post","type-post","status-publish","format-standard","hentry","category-selo-radio","category-waldir-calmon","tag-selo-radio-3","tag-waldir-calmon"],"_links":{"self":[{"href":"https:\/\/www.toque-musicall.com\/index.php?rest_route=\/wp\/v2\/posts\/8217","targetHints":{"allow":["GET"]}}],"collection":[{"href":"https:\/\/www.toque-musicall.com\/index.php?rest_route=\/wp\/v2\/posts"}],"about":[{"href":"https:\/\/www.toque-musicall.com\/index.php?rest_route=\/wp\/v2\/types\/post"}],"author":[{"embeddable":true,"href":"https:\/\/www.toque-musicall.com\/index.php?rest_route=\/wp\/v2\/users\/1"}],"replies":[{"embeddable":true,"href":"https:\/\/www.toque-musicall.com\/index.php?rest_route=%2Fwp%2Fv2%2Fcomments&post=8217"}],"version-history":[{"count":1,"href":"https:\/\/www.toque-musicall.com\/index.php?rest_route=\/wp\/v2\/posts\/8217\/revisions"}],"predecessor-version":[{"id":8218,"href":"https:\/\/www.toque-musicall.com\/index.php?rest_route=\/wp\/v2\/posts\/8217\/revisions\/8218"}],"wp:attachment":[{"href":"https:\/\/www.toque-musicall.com\/index.php?rest_route=%2Fwp%2Fv2%2Fmedia&parent=8217"}],"wp:term":[{"taxonomy":"category","embeddable":true,"href":"https:\/\/www.toque-musicall.com\/index.php?rest_route=%2Fwp%2Fv2%2Fcategories&post=8217"},{"taxonomy":"post_tag","embeddable":true,"href":"https:\/\/www.toque-musicall.com\/index.php?rest_route=%2Fwp%2Fv2%2Ftags&post=8217"}],"curies":[{"name":"wp","href":"https:\/\/api.w.org\/{rel}","templated":true}]}}