{"id":8219,"date":"2021-01-29T22:31:00","date_gmt":"2021-01-30T00:31:00","guid":{"rendered":"http:\/\/www.toque-musicall.com\/?p=8219"},"modified":"2021-02-04T22:33:47","modified_gmt":"2021-02-05T00:33:47","slug":"indio-um-cavaquinho-no-choro-1958","status":"publish","type":"post","link":"https:\/\/www.toque-musicall.com\/?p=8219","title":{"rendered":"\u00cdndio &#8211; Um Cavaquinho No Choro (1958)"},"content":{"rendered":"\n<figure class=\"wp-block-image size-large\"><img decoding=\"async\" src=\"https:\/\/1.bp.blogspot.com\/-liTsIIUgO1s\/YByMqcllCzI\/AAAAAAAAS9s\/HCvrQHgoWLU397sZ41ots3Z8aH-js3VDgCLcBGAsYHQ\/w640-h620\/Anota%25C3%25A7%25C3%25A3o%2B2021-02-04%2B210335.jpg\" alt=\"\"\/><\/figure>\n\n\n\n<figure class=\"wp-block-image size-large\"><img decoding=\"async\" src=\"https:\/\/1.bp.blogspot.com\/-Zpx_-SXGcKA\/YByMqUt9tKI\/AAAAAAAAS9w\/fdwI7-FmYfwad1wB2_KmBm-uMu7l7Jc2QCLcBGAsYHQ\/w628-h640\/Anota%25C3%25A7%25C3%25A3o%2B2021-02-04%2B210418.jpg\" alt=\"\"\/><\/figure>\n\n\n<div class=\"separator\">Boa noite, meus caros amigos cultos e ocultos! Nosso encontro hoje \u00e9 com o choro e em especial com o cavaquinista Edinaldo Vieira Lima, mais conhecido como \u00cdndio do Cavaquinho. Instrumentista alagoano, iniciou sua carreira como m\u00fasico ainda adolescente, fazendo parte de diversos grupos. Tocou ao lado dos maiores nomes da nossa m\u00fasica popular. Trabalhou por muitos anos na R\u00e1dio Nacional. Gravou com seu conjunto alguns discos, entre eles este que aqui apresentamos, lan\u00e7ado em 1958 pela Polydor e cujo o repert\u00f3rio \u00e9 todo de choro, acompanhado por um grupo de m\u00fasicos tamb\u00e9m de primeira linha.\u00a0 O texto na contracapa j\u00e1 d\u00e1 o recado, por isso n\u00e3o iremos nos estender&#8230; Melhor conferir no GTM&#8230;<\/div>\n<div class=\"separator\">\u00a0<\/div>\n<div class=\"separator\">passarinho da noite<\/div>\n<div class=\"separator\">um chorinho pra anivers\u00e1rio<\/div>\n<div class=\"separator\">na gl\u00f3ria<\/div>\n<div class=\"separator\">comigo \u00e9 assim<\/div>\n<div class=\"separator\">benzinho<\/div>\n<div class=\"separator\">gingando<\/div>\n<div class=\"separator\">fazendo visagem<\/div>\n<div class=\"separator\">numa seresta<\/div>\n<div class=\"separator\">macaquinho<\/div>\n<div class=\"separator\">sugestivo<\/div>\n<div class=\"separator\">uma noite em s\u00e3o borja<\/div>\n<div class=\"separator\">convidativo<\/div>\n<div class=\"separator\">\u00a0<\/div>\n<div class=\"separator\">.<\/div>\n<div class=\"separator\">\u00a0<\/div>\n<p><br \/>\u00a0<\/p>","protected":false},"excerpt":{"rendered":"<p>Boa noite, meus caros amigos cultos e ocultos! Nosso encontro hoje \u00e9 com o choro e em especial com o cavaquinista Edinaldo Vieira Lima, mais conhecido como \u00cdndio do Cavaquinho. Instrumentista alagoano, iniciou sua carreira como m\u00fasico ainda adolescente, fazendo &hellip; <a href=\"https:\/\/www.toque-musicall.com\/?p=8219\">Continue lendo <span class=\"meta-nav\">&rarr;<\/span><\/a><\/p>\n","protected":false},"author":1,"featured_media":0,"comment_status":"closed","ping_status":"closed","sticky":false,"template":"","format":"standard","meta":{"footnotes":""},"categories":[4269,146],"tags":[4270,3057],"class_list":["post-8219","post","type-post","status-publish","format-standard","hentry","category-indio","category-selo-polydor","tag-indio","tag-selo-polydor"],"_links":{"self":[{"href":"https:\/\/www.toque-musicall.com\/index.php?rest_route=\/wp\/v2\/posts\/8219","targetHints":{"allow":["GET"]}}],"collection":[{"href":"https:\/\/www.toque-musicall.com\/index.php?rest_route=\/wp\/v2\/posts"}],"about":[{"href":"https:\/\/www.toque-musicall.com\/index.php?rest_route=\/wp\/v2\/types\/post"}],"author":[{"embeddable":true,"href":"https:\/\/www.toque-musicall.com\/index.php?rest_route=\/wp\/v2\/users\/1"}],"replies":[{"embeddable":true,"href":"https:\/\/www.toque-musicall.com\/index.php?rest_route=%2Fwp%2Fv2%2Fcomments&post=8219"}],"version-history":[{"count":1,"href":"https:\/\/www.toque-musicall.com\/index.php?rest_route=\/wp\/v2\/posts\/8219\/revisions"}],"predecessor-version":[{"id":8220,"href":"https:\/\/www.toque-musicall.com\/index.php?rest_route=\/wp\/v2\/posts\/8219\/revisions\/8220"}],"wp:attachment":[{"href":"https:\/\/www.toque-musicall.com\/index.php?rest_route=%2Fwp%2Fv2%2Fmedia&parent=8219"}],"wp:term":[{"taxonomy":"category","embeddable":true,"href":"https:\/\/www.toque-musicall.com\/index.php?rest_route=%2Fwp%2Fv2%2Fcategories&post=8219"},{"taxonomy":"post_tag","embeddable":true,"href":"https:\/\/www.toque-musicall.com\/index.php?rest_route=%2Fwp%2Fv2%2Ftags&post=8219"}],"curies":[{"name":"wp","href":"https:\/\/api.w.org\/{rel}","templated":true}]}}