{"id":8225,"date":"2021-02-01T09:26:00","date_gmt":"2021-02-01T11:26:00","guid":{"rendered":"http:\/\/www.toque-musicall.com\/?p=8225"},"modified":"2021-02-08T09:31:01","modified_gmt":"2021-02-08T11:31:01","slug":"a-musica-e-o-para-carnaval-da-saudade-2000","status":"publish","type":"post","link":"https:\/\/www.toque-musicall.com\/?p=8225","title":{"rendered":"A Musica E O Par\u00e1 &#8211; Carnaval Da Saudade (2000)"},"content":{"rendered":"\n<figure class=\"wp-block-image size-large\"><img decoding=\"async\" src=\"https:\/\/1.bp.blogspot.com\/-vN1Pntgh7HE\/YCARXZ0GV0I\/AAAAAAAAS-8\/w39aG30YrpQR5Ewqbgh_tBk1WNsvceLXQCLcBGAsYHQ\/w640-h606\/Anota%25C3%25A7%25C3%25A3o%2B2021-02-07%2B130822.jpg\" alt=\"\"\/><\/figure>\n\n\n\n<figure class=\"wp-block-image size-large\"><img decoding=\"async\" src=\"https:\/\/1.bp.blogspot.com\/-36klrPyXm0I\/YCARfCPGjiI\/AAAAAAAAS_E\/ugDtABhFvFE4_ZKLA4WWgh1928S_KKNhgCLcBGAsYHQ\/w640-h600\/Anota%25C3%25A7%25C3%25A3o%2B2021-02-07%2B130946.jpg\" alt=\"\"\/><\/figure>\n\n\n<div class=\"separator\">Bom dia a todos os amigos cultos e ocultos! Entramos ent\u00e3o em fevereiro, um m\u00eas que em outros tempos estar\u00edamos aqui celebrando o Carnaval, mas neste ano, se o brasileiro tiver um pingo de bom senso vai se segurar e deixar a folia para o ano seguinte. Definitivamente, 2021 n\u00e3o \u00e9 ano de celebrar nada, al\u00e9m da vacina, que esse governo canalha tem nos privado. Se o povo deixar de ser um pouco burro, talvez em 2022 tenhamos mais esperan\u00e7as. Mesmo assim, para n\u00e3o dizer que n\u00e3o falamos de flores, vou abrir nosso fevereiro com m\u00fasica de carnaval. Mas fevereiro vai ser mesmo diferente aqui no Toque Musical. Este ser\u00e1 um m\u00eas dedicado ao disco na era cd, Todas as nossas postagens deste m\u00eas ser\u00e3o produ\u00e7\u00f5es lan\u00e7adas originalmente em cd. Afinal, h\u00e1 muita coisa bacana lan\u00e7ada apenas neste formato e para que n\u00e3o caiam no esquecimento, ou que passem batido, vamos abrir nossa vitrine&#8230;<\/div>\n<div class=\"separator\">Ent\u00e3o, para come\u00e7ar, unindo o \u00fatil ao agrad\u00e1vel, temos aqui o cd &#8220;A M\u00fasica e o Par\u00e1 &#8211; Carnaval da Saudade, disco produzido pelo selo Secult\/PA, gravado no Rio de Janeiro, em 2000. Este cd re\u00fane alguns registros de sambas carnavalescos dos movimentos musicais do Estado do Par\u00e1 durante as d\u00e9cadas de 70 e 80. \u00c9 um aut\u00eantico disco de samba e no qual participam int\u00e9rpretes tamb\u00e9m do samba carioca, como Neguinho da Beija Flor e Dominguinhos do Est\u00e1cio. Nos encartes temos mais informa\u00e7\u00f5es sobre este trabalho, por isso n\u00e3o vou prolongar&#8230; Confiram tudo no GTM.<\/div>\n<div class=\"separator\">\u00a0<\/div>\n<div class=\"separator\">pot-pourri do rancho carnavalesco n\u00e3o posso me amofin\u00e1<\/div>\n<div class=\"separator\">pot-pourri do imp\u00e9rio de samba quem s\u00e3o eles<\/div>\n<div class=\"separator\">pot-pourri dos blocos xavante\/mocidade unida de nazar\u00e9\/unidos de vila farah\/a grande fam\u00edlia<\/div>\n<div class=\"separator\">pot-pourri\u00a0 do gremio recreativo guamaense arco-\u00edris\/escola de samba mocidade olariense<\/div>\n<div class=\"separator\">pot-pourri do acad\u00eamicos de samba da pedreira<\/div>\n<div class=\"separator\">pot-pourri da embaixada de samba do imp\u00e9rio pedreirense\/universidade de samba boemios da campina<\/div>\n<div class=\"separator\">pot-pourri do rancho carnavalesco n\u00e3o posso me amofin\u00e1<\/div>\n<div class=\"separator\">pot-pourri do imp\u00e9rio de samba quem s\u00e3o eles<\/div>\n<div class=\"separator\">\u00a0<\/div>\n<div class=\"separator\">\u00a0<\/div>\n<div class=\"separator\">.<\/div>\n<div class=\"separator\">\u00a0<\/div>","protected":false},"excerpt":{"rendered":"<p>Bom dia a todos os amigos cultos e ocultos! Entramos ent\u00e3o em fevereiro, um m\u00eas que em outros tempos estar\u00edamos aqui celebrando o Carnaval, mas neste ano, se o brasileiro tiver um pingo de bom senso vai se segurar e &hellip; <a href=\"https:\/\/www.toque-musicall.com\/?p=8225\">Continue lendo <span class=\"meta-nav\">&rarr;<\/span><\/a><\/p>\n","protected":false},"author":1,"featured_media":0,"comment_status":"closed","ping_status":"closed","sticky":false,"template":"","format":"standard","meta":{"footnotes":""},"categories":[263,4276,2659],"tags":[3458,4277,3208],"class_list":["post-8225","post","type-post","status-publish","format-standard","hentry","category-carnaval","category-carnaval-da-saudade","category-cds","tag-carnaval","tag-carnaval-da-saudade","tag-cds"],"_links":{"self":[{"href":"https:\/\/www.toque-musicall.com\/index.php?rest_route=\/wp\/v2\/posts\/8225","targetHints":{"allow":["GET"]}}],"collection":[{"href":"https:\/\/www.toque-musicall.com\/index.php?rest_route=\/wp\/v2\/posts"}],"about":[{"href":"https:\/\/www.toque-musicall.com\/index.php?rest_route=\/wp\/v2\/types\/post"}],"author":[{"embeddable":true,"href":"https:\/\/www.toque-musicall.com\/index.php?rest_route=\/wp\/v2\/users\/1"}],"replies":[{"embeddable":true,"href":"https:\/\/www.toque-musicall.com\/index.php?rest_route=%2Fwp%2Fv2%2Fcomments&post=8225"}],"version-history":[{"count":1,"href":"https:\/\/www.toque-musicall.com\/index.php?rest_route=\/wp\/v2\/posts\/8225\/revisions"}],"predecessor-version":[{"id":8226,"href":"https:\/\/www.toque-musicall.com\/index.php?rest_route=\/wp\/v2\/posts\/8225\/revisions\/8226"}],"wp:attachment":[{"href":"https:\/\/www.toque-musicall.com\/index.php?rest_route=%2Fwp%2Fv2%2Fmedia&parent=8225"}],"wp:term":[{"taxonomy":"category","embeddable":true,"href":"https:\/\/www.toque-musicall.com\/index.php?rest_route=%2Fwp%2Fv2%2Fcategories&post=8225"},{"taxonomy":"post_tag","embeddable":true,"href":"https:\/\/www.toque-musicall.com\/index.php?rest_route=%2Fwp%2Fv2%2Ftags&post=8225"}],"curies":[{"name":"wp","href":"https:\/\/api.w.org\/{rel}","templated":true}]}}