{"id":8227,"date":"2021-02-02T09:31:00","date_gmt":"2021-02-02T11:31:00","guid":{"rendered":"http:\/\/www.toque-musicall.com\/?p=8227"},"modified":"2021-02-08T09:34:49","modified_gmt":"2021-02-08T11:34:49","slug":"samba-de-artista-pintando-com-arte-o-samba-paraense-2001","status":"publish","type":"post","link":"https:\/\/www.toque-musicall.com\/?p=8227","title":{"rendered":"Samba de Artista &#8211; Pintando Com Arte O Samba Paraense (2001)"},"content":{"rendered":"\n<figure class=\"wp-block-image size-large\"><img decoding=\"async\" src=\"https:\/\/1.bp.blogspot.com\/-SAQhVJABoMI\/YCA8j7QkRpI\/AAAAAAAAS_Q\/KV-KtfFof34t9FLaZxenQdr1v9XbpaTRgCLcBGAsYHQ\/w640-h632\/Anota%25C3%25A7%25C3%25A3o%2B2021-02-07%2B161228.jpg\" alt=\"\"\/><\/figure>\n\n\n\n<figure class=\"wp-block-image size-large\"><img decoding=\"async\" src=\"https:\/\/1.bp.blogspot.com\/-ajS9EjY_4z0\/YCA8j-V7eFI\/AAAAAAAAS_U\/hRsdTqr0CQcaxGkEhmdzenl9ehRfR1CwACLcBGAsYHQ\/w640-h542\/Anota%25C3%25A7%25C3%25A3o%2B2021-02-07%2B161338.jpg\" alt=\"\"\/><\/figure>\n\n\n<div class=\"separator\">Boa tarde, meus prezados amigos cultos e ocultos! Acho que foi uma boa ideia dedicarmos um m\u00eas inteirinho s\u00f3 para produ\u00e7\u00f5es musicais da era digital, ou cd. Vez por outra tem sempre algu\u00e9m nos enviando discos, principalmente cds e eu aqui deixando essa oportunidade passar. Mas prometo que neste m\u00eas muita coisa vai rolar&#8230;<\/div>\n<div class=\"separator\">Temos hoje e mais uma vez os artistas paraenses, que infelizmente, muito pouco ecoam para os lados de c\u00e1, no sudeste. E da\u00ed, a gente n\u00e3o faz ideia de como \u00e9 intensa a vida musical no norte do Brasil. Neste cd, lan\u00e7ado em 2001 temos como destaque o samba. Sim, o samba tamb\u00e9m est\u00e1 muito presente na vida do paraense e este disco \u00e9 uma prova definitiva do quanto este g\u00eanero se faz vivo em v\u00e1rios cantos do Brasil. Samba de Artista foi um projeto idealizado pelo m\u00fasico\/compositor paraense Hildebrando de Freitas, o &#8220;Neno&#8221;, um dos grandes sambistas do Par\u00e1. Dos encontros no bairro do Tel\u00e9grafo, promovidos por ele e outros sambistas nasceram as composi\u00e7\u00f5es que viriam a fazer parte do repert\u00f3rio do show &#8220;Pintando com arte o samba paraense&#8221;, realizado no Teatro Centur, em setembro de 2001. Este cd \u00e9 um registro ao vivo deste sonho, deste encontro que reuniu os grandes sambistas do Par\u00e1. Um momento hist\u00f3rico e cheio de emo\u00e7\u00e3o. E acima de tudo, um disco de samba, ao vivo, e da melhor qualidade que n\u00e3o deixa nada a desejar. Samba se faz em qualquer lugar, s\u00f3 precisa ter o ritmo. Confiram no GTM&#8230;<\/div>\n<div class=\"separator\">\u00a0<\/div>\n<div class=\"separator\">estrela cadente<\/div>\n<div class=\"separator\">l\u00e1grimas<\/div>\n<div class=\"separator\">fel do desejo<\/div>\n<div class=\"separator\">tamb\u00e9m sofri<\/div>\n<div class=\"separator\">rosa branca<\/div>\n<div class=\"separator\">conceitos<\/div>\n<div class=\"separator\">amuletos da f\u00e9<\/div>\n<div class=\"separator\">sai fora olho gordo<\/div>\n<div class=\"separator\">instantes insanos<\/div>\n<div class=\"separator\">eu e a voz<\/div>\n<div class=\"separator\">a for\u00e7a do bairro<\/div>\n<div class=\"separator\">a voz e a raz\u00e3o<\/div>\n<div class=\"separator\">ei esse bamba sou eu<\/div>\n<div class=\"separator\">meu manto<\/div>\n<div class=\"separator\">meu recado<\/div>\n<div class=\"separator\">n\u00e3o me abandone<\/div>\n<div class=\"separator\">point do samba<\/div>\n<div class=\"separator\">meu grande companheiro<\/div>\n<div class=\"separator\">\u00a0<\/div>\n<div class=\"separator\">\u00a0<\/div>\n<div class=\"separator\">.<\/div>\n<div class=\"separator\">\u00a0<\/div>","protected":false},"excerpt":{"rendered":"<p>Boa tarde, meus prezados amigos cultos e ocultos! Acho que foi uma boa ideia dedicarmos um m\u00eas inteirinho s\u00f3 para produ\u00e7\u00f5es musicais da era digital, ou cd. Vez por outra tem sempre algu\u00e9m nos enviando discos, principalmente cds e eu &hellip; <a href=\"https:\/\/www.toque-musicall.com\/?p=8227\">Continue lendo <span class=\"meta-nav\">&rarr;<\/span><\/a><\/p>\n","protected":false},"author":1,"featured_media":0,"comment_status":"closed","ping_status":"closed","sticky":false,"template":"","format":"standard","meta":{"footnotes":""},"categories":[2659,4278],"tags":[3208,4279],"class_list":["post-8227","post","type-post","status-publish","format-standard","hentry","category-cds","category-samba-de-artista","tag-cds","tag-samba-de-artista"],"_links":{"self":[{"href":"https:\/\/www.toque-musicall.com\/index.php?rest_route=\/wp\/v2\/posts\/8227","targetHints":{"allow":["GET"]}}],"collection":[{"href":"https:\/\/www.toque-musicall.com\/index.php?rest_route=\/wp\/v2\/posts"}],"about":[{"href":"https:\/\/www.toque-musicall.com\/index.php?rest_route=\/wp\/v2\/types\/post"}],"author":[{"embeddable":true,"href":"https:\/\/www.toque-musicall.com\/index.php?rest_route=\/wp\/v2\/users\/1"}],"replies":[{"embeddable":true,"href":"https:\/\/www.toque-musicall.com\/index.php?rest_route=%2Fwp%2Fv2%2Fcomments&post=8227"}],"version-history":[{"count":1,"href":"https:\/\/www.toque-musicall.com\/index.php?rest_route=\/wp\/v2\/posts\/8227\/revisions"}],"predecessor-version":[{"id":8228,"href":"https:\/\/www.toque-musicall.com\/index.php?rest_route=\/wp\/v2\/posts\/8227\/revisions\/8228"}],"wp:attachment":[{"href":"https:\/\/www.toque-musicall.com\/index.php?rest_route=%2Fwp%2Fv2%2Fmedia&parent=8227"}],"wp:term":[{"taxonomy":"category","embeddable":true,"href":"https:\/\/www.toque-musicall.com\/index.php?rest_route=%2Fwp%2Fv2%2Fcategories&post=8227"},{"taxonomy":"post_tag","embeddable":true,"href":"https:\/\/www.toque-musicall.com\/index.php?rest_route=%2Fwp%2Fv2%2Ftags&post=8227"}],"curies":[{"name":"wp","href":"https:\/\/api.w.org\/{rel}","templated":true}]}}