{"id":823,"date":"2010-06-06T18:51:00","date_gmt":"2010-06-06T18:51:00","guid":{"rendered":"http:\/\/www.toque-musicall.com\/?p=823"},"modified":"2010-06-06T18:51:00","modified_gmt":"2010-06-06T18:51:00","slug":"waldir-calmon-ritmos-melodicos-1952","status":"publish","type":"post","link":"https:\/\/www.toque-musicall.com\/?p=823","title":{"rendered":"Waldir Calmon &#8211; Ritmos Mel\u00f3dicos (1952)"},"content":{"rendered":"<p><a href=\"http:\/\/4.bp.blogspot.com\/_DSKVEvHtskc\/TAvudWrlalI\/AAAAAAAAGoA\/UHXbTywilJo\/s1600\/waldir+calmon+P.JPG\"><img decoding=\"async\" style=\"TEXT-ALIGN: center; MARGIN: 0px auto 10px; WIDTH: 394px; DISPLAY: block; HEIGHT: 400px; CURSOR: hand\" id=\"BLOGGER_PHOTO_ID_5479735559698344530\" border=\"0\" alt=\"\" src=\"http:\/\/4.bp.blogspot.com\/_DSKVEvHtskc\/TAvudWrlalI\/AAAAAAAAGoA\/UHXbTywilJo\/s400\/waldir+calmon+P.JPG\" \/><\/a> Ol\u00e1 amigos cultos e ocultos! Hoje eu vou postar mais um disco do Waldir Calmon. Devo confessar que este artista caiu na minha simpatia. H\u00e1 coisa de uns dez anos atr\u00e1s, falar e principalmente ouvir Waldir Calmon era coisa totalmente fora dos meus conceitos musicais. Eu chegava a ter uma certa implic\u00e2ncia daquilo que me parecia ran\u00e7oso. Acho que associava ele aos meus velhos tios, aquela coisa ultrapassada, se l\u00e1&#8230; Nada como criar um blog de m\u00fasica que nos permita a aprender a gostar e tamb\u00e9m conhecer melhor os nossos artistas. Esta, sem d\u00favida, \u00e9 a grande contrapartida que existe ao se fazer algo assim.<br \/>Bom, temos aqui n\u00e3o apenas mais um disco do Waldir Calmon, mas o primeiro disco em formato de lp de 10 polegadas do m\u00fasico e tamb\u00e9m o primeiro lan\u00e7ado na Am\u00e9rica Latina. At\u00e9 ent\u00e3o, os discos comerciais eram aqueles de 78 rpm, com apenas duas m\u00fasicas, uma de cada lado. Em 1952 surgia o selo Radio e tamb\u00e9m o disco de 10 polegadas. Este \u00e9 mais um daqueles \u00e1lbuns importantes da hist\u00f3ria fonogr\u00e1fica brasileira. Uma aut\u00eantica raridade!<br \/>Waldir Calmon vem acompanhado pelo seu conjunto, tocando oito temas variados, entre sambas, boleros, bai\u00e3o, biguine e como destaque um aut\u00eantico blues &#8211; &#8220;Telefone Blues&#8221; &#8211; que \u00e9 t\u00edtulo de pelo menos mais uns dois ou tr\u00eas blues famosos que conhe\u00e7o. Este, no caso, \u00e9 de George Green, que na grava\u00e7\u00e3o faz o vocal. Sinceramente, eu n\u00e3o me lembro de nenhum &#8216;bluesman&#8217; com este nome. Algu\u00e9m a\u00ed pode esclarecer?<\/p>\n<div align=\"center\">nunca mais voc\u00ea brigou<\/div>\n<div align=\"center\">um caso de amor<\/div>\n<div align=\"center\">n\u00e3o posso amar ningu\u00e9m<\/div>\n<div align=\"center\">um dia a menos<\/div>\n<div align=\"center\">telefone blues<\/div>\n<div align=\"center\">exatamente agora<\/div>\n<div align=\"center\">cantigas de roda<\/div>\n<div align=\"center\">varia\u00e7\u00f5es<\/div>\n<div align=\"center\"> <\/div>\n<div align=\"center\"> <\/div>\n","protected":false},"excerpt":{"rendered":"<p>Ol\u00e1 amigos cultos e ocultos! Hoje eu vou postar mais um disco do Waldir Calmon. Devo confessar que este artista caiu na minha simpatia. H\u00e1 coisa de uns dez anos atr\u00e1s, falar e principalmente ouvir Waldir Calmon era coisa totalmente &hellip; <a href=\"https:\/\/www.toque-musicall.com\/?p=823\">Continue lendo <span class=\"meta-nav\">&rarr;<\/span><\/a><\/p>\n","protected":false},"author":1,"featured_media":0,"comment_status":"open","ping_status":"closed","sticky":false,"template":"","format":"standard","meta":{"footnotes":""},"categories":[665],"tags":[],"class_list":["post-823","post","type-post","status-publish","format-standard","hentry","category-waldir-calmon"],"_links":{"self":[{"href":"https:\/\/www.toque-musicall.com\/index.php?rest_route=\/wp\/v2\/posts\/823","targetHints":{"allow":["GET"]}}],"collection":[{"href":"https:\/\/www.toque-musicall.com\/index.php?rest_route=\/wp\/v2\/posts"}],"about":[{"href":"https:\/\/www.toque-musicall.com\/index.php?rest_route=\/wp\/v2\/types\/post"}],"author":[{"embeddable":true,"href":"https:\/\/www.toque-musicall.com\/index.php?rest_route=\/wp\/v2\/users\/1"}],"replies":[{"embeddable":true,"href":"https:\/\/www.toque-musicall.com\/index.php?rest_route=%2Fwp%2Fv2%2Fcomments&post=823"}],"version-history":[{"count":0,"href":"https:\/\/www.toque-musicall.com\/index.php?rest_route=\/wp\/v2\/posts\/823\/revisions"}],"wp:attachment":[{"href":"https:\/\/www.toque-musicall.com\/index.php?rest_route=%2Fwp%2Fv2%2Fmedia&parent=823"}],"wp:term":[{"taxonomy":"category","embeddable":true,"href":"https:\/\/www.toque-musicall.com\/index.php?rest_route=%2Fwp%2Fv2%2Fcategories&post=823"},{"taxonomy":"post_tag","embeddable":true,"href":"https:\/\/www.toque-musicall.com\/index.php?rest_route=%2Fwp%2Fv2%2Ftags&post=823"}],"curies":[{"name":"wp","href":"https:\/\/api.w.org\/{rel}","templated":true}]}}