{"id":8230,"date":"2021-02-03T23:51:00","date_gmt":"2021-02-04T01:51:00","guid":{"rendered":"http:\/\/www.toque-musicall.com\/?p=8230"},"modified":"2021-02-12T09:35:03","modified_gmt":"2021-02-12T11:35:03","slug":"monica-salmasso-paulo-bellinati-afro-sambas-1997","status":"publish","type":"post","link":"https:\/\/www.toque-musicall.com\/?p=8230","title":{"rendered":"M\u00f4nica Salmasso &#038; Paulo Bellinati &#8211; Afro-Sambas (1997)"},"content":{"rendered":"\n<figure class=\"wp-block-image size-large\"><img decoding=\"async\" src=\"https:\/\/1.bp.blogspot.com\/-56NO15ezItg\/YCMXrR6xuQI\/AAAAAAAAS_o\/0mwnA_cAEmgMMAAPX9dE4uYBRdP6t0akQCLcBGAsYHQ\/w640-h638\/Anota%25C3%25A7%25C3%25A3o%2B2021-02-09%2B195029.jpg\" alt=\"\"\/><\/figure>\n\n\n\n<figure class=\"wp-block-image size-large\"><img decoding=\"async\" src=\"https:\/\/1.bp.blogspot.com\/-CLKPO6sGCq8\/YCMXrZcOGsI\/AAAAAAAAS_s\/_7lDvL6dOLM16an2aiwQUihoIW4XRjE4ACLcBGAsYHQ\/w640-h576\/Anota%25C3%25A7%25C3%25A3o%2B2021-02-09%2B195122.jpg\" alt=\"\"\/><\/figure>\n\n\n<div class=\"separator\">Boa noite car\u00edssimos amigos cultos e ocultos! Como disse, neste m\u00eas de fevereiro vamos prestigiar aqui algumas edi\u00e7\u00f5es e produ\u00e7\u00f5es feitas no per\u00edodo do cd, ou seja, discos que originalmente s\u00f3 foram lan\u00e7ados em vers\u00e3o cd. Embora eu tenha um p\u00e9 atr\u00e1s com as produ\u00e7\u00f5es da Biscoito Fino, por conta dos tais &#8216;direitos autorais&#8217;, n\u00e3o h\u00e1 como negar o quanto eles s\u00e3o seletos nas escolhas de projetos e artistas, tudo sempre da melhor qualidade. Aqui temos um bom exemplo, um disco maravilhoso com a cantora M\u00f4nica Salmasso e o violonista Paulo Bellinati. Trabalho em dupla, numa releitura do disco\u00a0 Os Afro-sambas, um cl\u00e1ssico da nossa MPB de Baden Powell e Vin\u00edcius de Moraes, lan\u00e7ado originalmente em 1966. Nesta releitura temos apenas a voz de M\u00f4nica e o viol\u00e3o de Paulo numa interpreta\u00e7\u00e3o que faria Baden e Vin\u00edcius aplaudirem de p\u00e9. Lindo e espont\u00e2neo com o original. Quem ainda n\u00e3o conhece, eu recomendo&#8230;<\/div>\n<div class=\"separator\">\u00a0<\/div>\n<div class=\"separator\">consola\u00e7\u00e3o<\/div>\n<div class=\"separator\">labareda<\/div>\n<div class=\"separator\">tristeza e solid\u00e3o<\/div>\n<div class=\"separator\">canto de ossanha<\/div>\n<div class=\"separator\">canto de xang\u00f4<\/div>\n<div class=\"separator\">bococh\u00e9<\/div>\n<div class=\"separator\">canto de iemanj\u00e1<\/div>\n<div class=\"separator\">tempo de amor (samba do veloso)<\/div>\n<div class=\"separator\">canto de pedra preta<\/div>\n<div class=\"separator\">lamento de exu<\/div>\n<div class=\"separator\">conrd\u00e3o de ouro &#8211; berimbau<\/div>\n<div class=\"separator\">\u00a0<\/div>\n<div class=\"separator\">\u00a0<\/div>\n<div class=\"separator\">.<\/div>","protected":false},"excerpt":{"rendered":"<p>Boa noite car\u00edssimos amigos cultos e ocultos! Como disse, neste m\u00eas de fevereiro vamos prestigiar aqui algumas edi\u00e7\u00f5es e produ\u00e7\u00f5es feitas no per\u00edodo do cd, ou seja, discos que originalmente s\u00f3 foram lan\u00e7ados em vers\u00e3o cd. Embora eu tenha um &hellip; <a href=\"https:\/\/www.toque-musicall.com\/?p=8230\">Continue lendo <span class=\"meta-nav\">&rarr;<\/span><\/a><\/p>\n","protected":false},"author":1,"featured_media":0,"comment_status":"closed","ping_status":"closed","sticky":false,"template":"","format":"standard","meta":{"footnotes":""},"categories":[2659,4280,4281],"tags":[3208,4283,4282],"class_list":["post-8230","post","type-post","status-publish","format-standard","hentry","category-cds","category-monica-salmasso","category-paulo-bellinati","tag-cds","tag-monica-salmasso","tag-paulo-bellinati"],"_links":{"self":[{"href":"https:\/\/www.toque-musicall.com\/index.php?rest_route=\/wp\/v2\/posts\/8230","targetHints":{"allow":["GET"]}}],"collection":[{"href":"https:\/\/www.toque-musicall.com\/index.php?rest_route=\/wp\/v2\/posts"}],"about":[{"href":"https:\/\/www.toque-musicall.com\/index.php?rest_route=\/wp\/v2\/types\/post"}],"author":[{"embeddable":true,"href":"https:\/\/www.toque-musicall.com\/index.php?rest_route=\/wp\/v2\/users\/1"}],"replies":[{"embeddable":true,"href":"https:\/\/www.toque-musicall.com\/index.php?rest_route=%2Fwp%2Fv2%2Fcomments&post=8230"}],"version-history":[{"count":1,"href":"https:\/\/www.toque-musicall.com\/index.php?rest_route=\/wp\/v2\/posts\/8230\/revisions"}],"predecessor-version":[{"id":8231,"href":"https:\/\/www.toque-musicall.com\/index.php?rest_route=\/wp\/v2\/posts\/8230\/revisions\/8231"}],"wp:attachment":[{"href":"https:\/\/www.toque-musicall.com\/index.php?rest_route=%2Fwp%2Fv2%2Fmedia&parent=8230"}],"wp:term":[{"taxonomy":"category","embeddable":true,"href":"https:\/\/www.toque-musicall.com\/index.php?rest_route=%2Fwp%2Fv2%2Fcategories&post=8230"},{"taxonomy":"post_tag","embeddable":true,"href":"https:\/\/www.toque-musicall.com\/index.php?rest_route=%2Fwp%2Fv2%2Ftags&post=8230"}],"curies":[{"name":"wp","href":"https:\/\/api.w.org\/{rel}","templated":true}]}}