{"id":8232,"date":"2021-02-04T08:58:00","date_gmt":"2021-02-04T10:58:00","guid":{"rendered":"http:\/\/www.toque-musicall.com\/?p=8232"},"modified":"2021-02-12T09:33:23","modified_gmt":"2021-02-12T11:33:23","slug":"mst-arte-em-movimento-1998","status":"publish","type":"post","link":"https:\/\/www.toque-musicall.com\/?p=8232","title":{"rendered":"MST &#8211; Arte Em Movimento (1998)"},"content":{"rendered":"\n<figure class=\"wp-block-image size-large\"><img decoding=\"async\" src=\"https:\/\/1.bp.blogspot.com\/-8lYOm31UgLg\/YCMjLh-RnTI\/AAAAAAAAS_8\/gs_BYSzDAJYglTNxvaAAlbKP59aQ9aJUwCLcBGAsYHQ\/w640-h600\/Anota%25C3%25A7%25C3%25A3o%2B2021-02-09%2B205106.jpg\" alt=\"\"\/><\/figure>\n\n\n\n<figure class=\"wp-block-image size-large\"><img decoding=\"async\" src=\"https:\/\/1.bp.blogspot.com\/-bpinIs9uHK8\/YCMjN5N-r7I\/AAAAAAAATAI\/88nLdzNMRzEWm1qlhpOtjbfYSi4aF0x6ACLcBGAsYHQ\/w640-h524\/Anota%25C3%25A7%25C3%25A3o%2B2021-02-09%2B205012.jpg\" alt=\"\"\/><\/figure>\n\n\n\n<figure class=\"wp-block-image size-large\"><img decoding=\"async\" src=\"https:\/\/1.bp.blogspot.com\/-_NH0Tb07Eag\/YCMjN1guh4I\/AAAAAAAATAE\/B_dGFNj3Ecka4jeBA36XLFRNRVlrbeC4ACLcBGAsYHQ\/w640-h634\/Anota%25C3%25A7%25C3%25A3o%2B2021-02-09%2B205135.jpg\" alt=\"\"\/><\/figure>\n\n\n<div class=\"separator\">Ol\u00e1 companheiros, amigos cultos e ocultos! Sei que tem muita gente por aqui que vai torcer o nariz por conta desta postagem, mas tamb\u00e9m h\u00e1 um grupo ainda maior que, com certeza, vai aplaudir este toque mais que musical e \u00e9 para essa turma, gente que tem no\u00e7\u00e3o do que \u00e9 consci\u00eancia de classe que dedicamos este cd. Aqui temos um disco lan\u00e7ado, ainda nos anos 90, pelo pessoal do Movimento dos Trabalhadores Sem Terra, um cd dedicado a uma causa muito nobre, terra e trabalho para todos! Neste disquinho vamos encontrar 18 composi\u00e7\u00f5es de diferentes artistas, o hino do MST e um poema de abertura lido pelo comentarista esportivo Juarez Soares. Participam tamb\u00e9m deste projeto artistas como Chico Cesar, V\u00e2nia Bastos e Beth Carvalho. Segundo Jo\u00e3o Pedro Stedile, um dos l\u00edders do MST, essas m\u00fasicas ajudam a dar mais identidade ao movimento. As can\u00e7\u00f5es tratam de temas pol\u00edticos e\/ou do cotidiano dos sem-terra. Eis a\u00ed um disco que carrega em si bem mais que m\u00fasica, a mensagem aqui \u00e9 a de luta e esperan\u00e7a. Um disco que todo bom cidad\u00e3o de esquerda deve ter (e os de direita tamb\u00e9m para aprender). Ta\u00ed, mais um toque musical que n\u00e3o d\u00e1 para perder&#8230;<\/div>\n<div class=\"separator\">\u00a0<\/div>\n<div class=\"separator\">terra sertaneja<\/div>\n<div class=\"separator\">para soletrar a liberdade<\/div>\n<div class=\"separator\">terra e raiz<\/div>\n<div class=\"separator\">flori\u00f4<\/div>\n<div class=\"separator\">assim ningu\u00e9m mais chora<\/div>\n<div class=\"separator\">companheiros de guevara<\/div>\n<div class=\"separator\">500 anos de resist\u00eancia \u00edndia negra popular<\/div>\n<div class=\"separator\">descobrimos l\u00e1 na base<\/div>\n<div class=\"separator\">quando chegar na terra<\/div>\n<div class=\"separator\">manter a esperan\u00e7a<\/div>\n<div class=\"separator\">am\u00e9rica livre<\/div>\n<div class=\"separator\">luz da am\u00e9rica<\/div>\n<div class=\"separator\">causa nobre<\/div>\n<div class=\"separator\">novo amanhecer<\/div>\n<div class=\"separator\">devo\u00e7\u00e3o a amaz\u00f4nia<\/div>\n<div class=\"separator\">candel\u00e1ria<\/div>\n<div class=\"separator\">n\u00e3o somos covardes<\/div>\n<div class=\"separator\">sonha n\u00e3o cansa<\/div>\n<div class=\"separator\">ordem e progresso<\/div>\n<div class=\"separator\">hino do mst<\/div>\n<div class=\"separator\">\u00a0<\/div>\n<div class=\"separator\">\u00a0<\/div>\n<div class=\"separator\">.<\/div>\n<div class=\"separator\">\u00a0<\/div>","protected":false},"excerpt":{"rendered":"<p>Ol\u00e1 companheiros, amigos cultos e ocultos! Sei que tem muita gente por aqui que vai torcer o nariz por conta desta postagem, mas tamb\u00e9m h\u00e1 um grupo ainda maior que, com certeza, vai aplaudir este toque mais que musical e &hellip; <a href=\"https:\/\/www.toque-musicall.com\/?p=8232\">Continue lendo <span class=\"meta-nav\">&rarr;<\/span><\/a><\/p>\n","protected":false},"author":1,"featured_media":0,"comment_status":"closed","ping_status":"closed","sticky":false,"template":"","format":"standard","meta":{"footnotes":""},"categories":[2659,4284],"tags":[3208,4288],"class_list":["post-8232","post","type-post","status-publish","format-standard","hentry","category-cds","category-mst-arte-em-movimento","tag-cds","tag-mst-arte-em-movimento"],"_links":{"self":[{"href":"https:\/\/www.toque-musicall.com\/index.php?rest_route=\/wp\/v2\/posts\/8232","targetHints":{"allow":["GET"]}}],"collection":[{"href":"https:\/\/www.toque-musicall.com\/index.php?rest_route=\/wp\/v2\/posts"}],"about":[{"href":"https:\/\/www.toque-musicall.com\/index.php?rest_route=\/wp\/v2\/types\/post"}],"author":[{"embeddable":true,"href":"https:\/\/www.toque-musicall.com\/index.php?rest_route=\/wp\/v2\/users\/1"}],"replies":[{"embeddable":true,"href":"https:\/\/www.toque-musicall.com\/index.php?rest_route=%2Fwp%2Fv2%2Fcomments&post=8232"}],"version-history":[{"count":1,"href":"https:\/\/www.toque-musicall.com\/index.php?rest_route=\/wp\/v2\/posts\/8232\/revisions"}],"predecessor-version":[{"id":8233,"href":"https:\/\/www.toque-musicall.com\/index.php?rest_route=\/wp\/v2\/posts\/8232\/revisions\/8233"}],"wp:attachment":[{"href":"https:\/\/www.toque-musicall.com\/index.php?rest_route=%2Fwp%2Fv2%2Fmedia&parent=8232"}],"wp:term":[{"taxonomy":"category","embeddable":true,"href":"https:\/\/www.toque-musicall.com\/index.php?rest_route=%2Fwp%2Fv2%2Fcategories&post=8232"},{"taxonomy":"post_tag","embeddable":true,"href":"https:\/\/www.toque-musicall.com\/index.php?rest_route=%2Fwp%2Fv2%2Ftags&post=8232"}],"curies":[{"name":"wp","href":"https:\/\/api.w.org\/{rel}","templated":true}]}}