{"id":8236,"date":"2021-02-06T09:08:00","date_gmt":"2021-02-06T11:08:00","guid":{"rendered":"http:\/\/www.toque-musicall.com\/?p=8236"},"modified":"2021-02-12T09:34:38","modified_gmt":"2021-02-12T11:34:38","slug":"palmyra-levita-with-joao-donato-heres-that-rainy-bossa-day-2002","status":"publish","type":"post","link":"https:\/\/www.toque-musicall.com\/?p=8236","title":{"rendered":"Palmyra &#038; Levita With Jo\u00e3o Donato &#8211; Here&#8217;s That Rainy Bossa Day (2002)"},"content":{"rendered":"\n<figure class=\"wp-block-image size-large\"><img decoding=\"async\" src=\"https:\/\/1.bp.blogspot.com\/-b05SFEctb6M\/YCSIbBxxErI\/AAAAAAAATBk\/ms8dk4FCkxg9jumjPe_YP9OzNlI49PdSQCLcBGAsYHQ\/w640-h610\/Anota%25C3%25A7%25C3%25A3o%2B2021-02-10%2B221555.JPG\" alt=\"\"\/><\/figure>\n\n\n\n<figure class=\"wp-block-image size-large\"><img decoding=\"async\" src=\"https:\/\/1.bp.blogspot.com\/-cF6rgma72-U\/YCSIbCZrXtI\/AAAAAAAATBo\/wvjp0pb6_noVw7ESHqOljMNHHyS0yljmwCLcBGAsYHQ\/w640-h574\/Anota%25C3%25A7%25C3%25A3o%2B2021-02-10%2B221646.JPG\" alt=\"\"\/><\/figure>\n\n\n<div class=\"separator\">Ol\u00e1, amigos cultos e ocultos! Hoje nosso encontro \u00e9 com o jazz e com a bossa em uma produ\u00e7\u00e3o internacional lan\u00e7ada em 2002 e trazendo a dupla baiana formada pela cantora Palmyra e o violonista Paulo Levita. Este cd foi produzido por Arnaldo DeSouteiro para a Jazz Station Records e lan\u00e7ado simultaneamente na Europa e no Jap\u00e3o. Levita e Palmyra vem acompanhados do mestre Jo\u00e3o Donato. No repert\u00f3rio temos registrado standards da m\u00fasica norte-americana e tamb\u00e9m cl\u00e1ssicos da bossa nova de Tom Jobim, al\u00e9m de outros temas nos quais cabem inclusive m\u00fasicas de Carlinhos Brown. N\u00e3o \u00e9 atoa que eu adoro o corporativismo dos baianos. Hehehe&#8230; Salve a Bahia! Disquinho bacana, vale a pena conhecer&#8230;.<\/div>\n<div class=\"separator\">\u00a0<\/div>\n<div class=\"separator\">tea for two<\/div>\n<div class=\"separator\">fotografia<\/div>\n<div class=\"separator\">here&#8217;s that rainy day<\/div>\n<div class=\"separator\">vivo sonhando<\/div>\n<div class=\"separator\">september in the rain<\/div>\n<div class=\"separator\">in\u00fatil paisagem<\/div>\n<div class=\"separator\">stromy weather<\/div>\n<div class=\"separator\">voc\u00ea<\/div>\n<div class=\"separator\">cuando vuelva a tu lado<\/div>\n<div class=\"separator\">corcovado<\/div>\n<div class=\"separator\">the frog<\/div>\n<div class=\"separator\">na baixa do sapateiro<\/div>\n<div class=\"separator\">a namorada<\/div>\n<div class=\"separator\">rapunzel<\/div>\n<div class=\"separator\">\u00a0<\/div>\n<div class=\"separator\">\u00a0<\/div>\n<div class=\"separator\">.<\/div>\n<div class=\"separator\">\u00a0<\/div>","protected":false},"excerpt":{"rendered":"<p>Ol\u00e1, amigos cultos e ocultos! Hoje nosso encontro \u00e9 com o jazz e com a bossa em uma produ\u00e7\u00e3o internacional lan\u00e7ada em 2002 e trazendo a dupla baiana formada pela cantora Palmyra e o violonista Paulo Levita. Este cd foi &hellip; <a href=\"https:\/\/www.toque-musicall.com\/?p=8236\">Continue lendo <span class=\"meta-nav\">&rarr;<\/span><\/a><\/p>\n","protected":false},"author":1,"featured_media":0,"comment_status":"closed","ping_status":"closed","sticky":false,"template":"","format":"standard","meta":{"footnotes":""},"categories":[2659,1513,4287],"tags":[3208,3323,4290],"class_list":["post-8236","post","type-post","status-publish","format-standard","hentry","category-cds","category-joao-donato","category-palmyra-levita","tag-cds","tag-joao-donato","tag-palmyra-levita"],"_links":{"self":[{"href":"https:\/\/www.toque-musicall.com\/index.php?rest_route=\/wp\/v2\/posts\/8236","targetHints":{"allow":["GET"]}}],"collection":[{"href":"https:\/\/www.toque-musicall.com\/index.php?rest_route=\/wp\/v2\/posts"}],"about":[{"href":"https:\/\/www.toque-musicall.com\/index.php?rest_route=\/wp\/v2\/types\/post"}],"author":[{"embeddable":true,"href":"https:\/\/www.toque-musicall.com\/index.php?rest_route=\/wp\/v2\/users\/1"}],"replies":[{"embeddable":true,"href":"https:\/\/www.toque-musicall.com\/index.php?rest_route=%2Fwp%2Fv2%2Fcomments&post=8236"}],"version-history":[{"count":1,"href":"https:\/\/www.toque-musicall.com\/index.php?rest_route=\/wp\/v2\/posts\/8236\/revisions"}],"predecessor-version":[{"id":8237,"href":"https:\/\/www.toque-musicall.com\/index.php?rest_route=\/wp\/v2\/posts\/8236\/revisions\/8237"}],"wp:attachment":[{"href":"https:\/\/www.toque-musicall.com\/index.php?rest_route=%2Fwp%2Fv2%2Fmedia&parent=8236"}],"wp:term":[{"taxonomy":"category","embeddable":true,"href":"https:\/\/www.toque-musicall.com\/index.php?rest_route=%2Fwp%2Fv2%2Fcategories&post=8236"},{"taxonomy":"post_tag","embeddable":true,"href":"https:\/\/www.toque-musicall.com\/index.php?rest_route=%2Fwp%2Fv2%2Ftags&post=8236"}],"curies":[{"name":"wp","href":"https:\/\/api.w.org\/{rel}","templated":true}]}}