{"id":824,"date":"2010-06-05T15:18:00","date_gmt":"2010-06-05T15:18:00","guid":{"rendered":"http:\/\/www.toque-musicall.com\/?p=824"},"modified":"2010-06-05T15:18:00","modified_gmt":"2010-06-05T15:18:00","slug":"pantanal-alerta-brasil-reserva-nacional-1988","status":"publish","type":"post","link":"https:\/\/www.toque-musicall.com\/?p=824","title":{"rendered":"Pantanal &#8211; Alerta Brasil &#8211; Reserva Nacional (1988)"},"content":{"rendered":"<p><a href=\"http:\/\/2.bp.blogspot.com\/_DSKVEvHtskc\/TApsuf0Q2bI\/AAAAAAAAGn0\/_qn6_LJoR38\/s1600\/pantanal+P.JPG\"><img decoding=\"async\" style=\"TEXT-ALIGN: center; MARGIN: 0px auto 10px; WIDTH: 398px; DISPLAY: block; HEIGHT: 400px; CURSOR: hand\" id=\"BLOGGER_PHOTO_ID_5479311442720119218\" border=\"0\" alt=\"\" src=\"http:\/\/2.bp.blogspot.com\/_DSKVEvHtskc\/TApsuf0Q2bI\/AAAAAAAAGn0\/_qn6_LJoR38\/s400\/pantanal+P.JPG\" \/><\/a> N\u00e3o fosse o &#8216;alerta&#8217; de uma boa amiga e a folhinha Mariana pregada na parede, eu hoje teria deixado passar batido um dia t\u00e3o importante para todos n\u00f3s. Hoje \u00e9 comemorado o Dia Mundial do Meio Ambiente e da Ecologia. Eu, na verdade, bem que sabia e havia at\u00e9 reservado este disco bacana para celebrarmos juntos aqui no Toque Musical, mas acabei fazendo confus\u00e3o e trocando a semana. Como se trata de uma produ\u00e7\u00e3o independente, eu pensava em post\u00e1-lo na sexta, como de costume, antecipando a celebra\u00e7\u00e3o. Acabei quase comendo mosca. Mas estamos a\u00ed&#8230; Teremos assim, uma semana com duas produ\u00e7\u00f5es independentes.<br \/>Segue ent\u00e3o o \u00e1lbum &#8220;Pantanal &#8211; Alerta Brasil&#8221;, um trabalho feito por gente que h\u00e1 muito vem cantando uma consci\u00eancia ecol\u00f3gica, despertando atrav\u00e9s da m\u00fasica a import\u00e2ncia de pensarmos num mundo limpo. Geralmente, s\u00f3 quem vive em contato com a natureza sabe dar o devido valor \u00e0 sua preserva\u00e7\u00e3o. O homem das grandes cidades n\u00e3o tem tempo para pensar (ou n\u00e3o sabe) em outras coisas que n\u00e3o sejam aquelas que fazem parte das engrenagens da m\u00e1quina louca do desenvolvimento desenfreado. Ele gosta de curtir a natureza, mas s\u00f3 se for dentro do seu Jeep 4&#215;4, num fim de semana, sabendo que pode encontrar na beira da estrada de terra, em cada parada um Pizza Hut ou um McDonald&#8217;s. Eu conhe\u00e7o muitos tipos assim.<br \/>Mas deixemos de lado os tipos &#8216;flex&#8217; e vamos \u00e0 m\u00fasica. O lp do dia \u00e9 o resultado fonogr\u00e1fico de um show ao vivo, realizado no Museu da Imagem e do Som de S\u00e3o Paulo, nos dias 19 e 20 de dezembro de 1987, com diversos artistas do pantanal matrogrossense. Tocam no disco Almir Sater, Alzira Esp\u00edndola, Celito Esp\u00edndola, Geraldo Esp\u00edndola, Guilherme Rondon, Jo\u00e3o Figar, Paulinho Sim\u00f5es e Toninho Porto &#8211; todos artistas vindos do centro oeste, do Pantanal e regi\u00e3o. Este registro, que virou disco, foi gravado de maneira bem despretenciosa, em um simples gravador K7. Mesmo assim, n\u00e3o peca na qualidade do som. Vale como um registro de um momento. Vale como um alerta ecol\u00f3gico.<\/p>\n<div align=\"center\">gera\u00e7\u00e3o<\/div>\n<div align=\"center\">agua que correu<\/div>\n<div align=\"center\">a chapada<\/div>\n<div align=\"center\">solid\u00e3o caipira<\/div>\n<div align=\"center\">estranhas coincid\u00eancias<\/div>\n<div align=\"center\">recuerdos de ypacari<\/div>\n<div align=\"center\">paiagu\u00e1s<\/div>\n<div align=\"center\">pinha no pinheiro<\/div>\n<div align=\"center\">minas gerais<\/div>\n<div align=\"center\">quyquyh\u00f4<\/div>\n<div align=\"center\"> <\/div>\n<div align=\"center\"> <\/div>\n","protected":false},"excerpt":{"rendered":"<p>N\u00e3o fosse o &#8216;alerta&#8217; de uma boa amiga e a folhinha Mariana pregada na parede, eu hoje teria deixado passar batido um dia t\u00e3o importante para todos n\u00f3s. Hoje \u00e9 comemorado o Dia Mundial do Meio Ambiente e da Ecologia. &hellip; <a href=\"https:\/\/www.toque-musicall.com\/?p=824\">Continue lendo <span class=\"meta-nav\">&rarr;<\/span><\/a><\/p>\n","protected":false},"author":1,"featured_media":0,"comment_status":"open","ping_status":"closed","sticky":false,"template":"","format":"standard","meta":{"footnotes":""},"categories":[1128,1126,1124,1130,1129,1127,1123,1125],"tags":[],"class_list":["post-824","post","type-post","status-publish","format-standard","hentry","category-almir-sater","category-alzira-espindola","category-celito-espindola","category-geraldo-espindola","category-guilherme-rondon","category-joao-figar","category-paulinho-simoes","category-toninho-porto"],"_links":{"self":[{"href":"https:\/\/www.toque-musicall.com\/index.php?rest_route=\/wp\/v2\/posts\/824","targetHints":{"allow":["GET"]}}],"collection":[{"href":"https:\/\/www.toque-musicall.com\/index.php?rest_route=\/wp\/v2\/posts"}],"about":[{"href":"https:\/\/www.toque-musicall.com\/index.php?rest_route=\/wp\/v2\/types\/post"}],"author":[{"embeddable":true,"href":"https:\/\/www.toque-musicall.com\/index.php?rest_route=\/wp\/v2\/users\/1"}],"replies":[{"embeddable":true,"href":"https:\/\/www.toque-musicall.com\/index.php?rest_route=%2Fwp%2Fv2%2Fcomments&post=824"}],"version-history":[{"count":0,"href":"https:\/\/www.toque-musicall.com\/index.php?rest_route=\/wp\/v2\/posts\/824\/revisions"}],"wp:attachment":[{"href":"https:\/\/www.toque-musicall.com\/index.php?rest_route=%2Fwp%2Fv2%2Fmedia&parent=824"}],"wp:term":[{"taxonomy":"category","embeddable":true,"href":"https:\/\/www.toque-musicall.com\/index.php?rest_route=%2Fwp%2Fv2%2Fcategories&post=824"},{"taxonomy":"post_tag","embeddable":true,"href":"https:\/\/www.toque-musicall.com\/index.php?rest_route=%2Fwp%2Fv2%2Ftags&post=824"}],"curies":[{"name":"wp","href":"https:\/\/api.w.org\/{rel}","templated":true}]}}