{"id":8244,"date":"2021-02-08T12:55:00","date_gmt":"2021-02-08T14:55:00","guid":{"rendered":"http:\/\/www.toque-musicall.com\/?p=8244"},"modified":"2021-02-26T23:35:18","modified_gmt":"2021-02-27T02:35:18","slug":"flavio-sandoval-zezo-ribeiro-acoustic-brazil-1994","status":"publish","type":"post","link":"https:\/\/www.toque-musicall.com\/?p=8244","title":{"rendered":"Flavio Sandoval &#038; Zezo Ribeiro &#8211; Acoustic Brazil (1994)"},"content":{"rendered":"\n<figure class=\"wp-block-image size-large\"><img decoding=\"async\" src=\"https:\/\/1.bp.blogspot.com\/-ts4tOYUbdaU\/YCZ6cm7V6fI\/AAAAAAAATCQ\/cUDyie9cj_4EAmCluJUf44_GMEyLuNenACLcBGAsYHQ\/w638-h640\/Anota%25C3%25A7%25C3%25A3o%2B2021-02-12%2B094000.JPG\" alt=\"\"\/><\/figure>\n\n\n\n<figure class=\"wp-block-image size-large\"><img decoding=\"async\" src=\"https:\/\/1.bp.blogspot.com\/-qQ-9eLoKy1k\/YCZ6kx3XPoI\/AAAAAAAATCU\/t-a8e1WFU1kw1vPm0yvFi7M3yZ85cOzngCLcBGAsYHQ\/w640-h572\/Anota%25C3%25A7%25C3%25A3o%2B2021-02-12%2B094048.JPG\" alt=\"\"\/><\/figure>\n\n\n<div class=\"separator\">Bom dia, amigos cultos e ocultos! Sinceramente, \u00e9 mais f\u00e1cil postar vinil do que cd. O disquinho prateado, por incr\u00edvel que pare\u00e7a, d\u00e1 mais trabalho na hora de editar e geralmente tem encartes mais complicados e dif\u00edcil de fotografar. Por essas e por outras, estou dando prefer\u00eancia ao qu j\u00e1 tenho aqui pronto. Felizmente, alguns amigos tem me mandado muitos discos, todos prontos para o consumo e \u00e9 nesses que a gente vai&#8230;<\/div>\n<div class=\"separator\">Aqui temos um bel\u00edssimo trabalho instrumental com dois m\u00fasicos de primeira linha, Fl\u00e1vio\u00a0 Sandoval e Zezo Ribeiro. Fl\u00e1vio Sandoval \u00e9 um multi-instrumentista, comositor, professor e fundador da escola Talentus &#8211; Centro Livre de M\u00fasica. Zezo Ribeiro \u00e9 um dos mais respeitados e talentosos violonistas brasileiro, al\u00e9m de compositor e arranjador. Juntos eles lan\u00e7aram em 1994 este cd pela Edi\u00e7\u00f5es Paulinas, &#8220;Acoustic Brazil, um disco despretensioso, mas de uma beleza \u00edmpar. Trazem temas autorais e tamb\u00e9m m\u00fasicas conhecidas como &#8220;Linha de passe&#8221;, de Jo\u00e3o Bosco, Aldir Blanc e Paulo Em\u00edlio; &#8220;O cantador&#8221;, de Dorival Caymmi; &#8220;Chovendo na roseira&#8221;,\u00a0 Tom Jobim; &#8220;Aos nossos filhos&#8221; de Ivan Lins e outras&#8230; Diante a boa repercuss\u00e3o, o &#8220;Acoustic Brazil&#8221; acabou merecendo uma continua\u00e7\u00e3o e logo em seguida seria lan\u00e7ado o volume 2.<\/div>\n<div class=\"separator\">Confiram este disquinho no GTM&#8230;<\/div>\n<div class=\"separator\">\u00a0<\/div>\n<div class=\"separator\">linha de passe<\/div>\n<div class=\"separator\">o cantador<\/div>\n<div class=\"separator\">aos nossos filhos<\/div>\n<div class=\"separator\">na relva sem voc\u00ea<\/div>\n<div class=\"separator\">boa viagem<\/div>\n<div class=\"separator\">tristeza do jeca<\/div>\n<div class=\"separator\">contgo em la dist\u00e2ncia<\/div>\n<div class=\"separator\">um abra\u00e7o pro sion<\/div>\n<div class=\"separator\">\u00a0<\/div>\n<div class=\"separator\">\u00a0<\/div>\n<div class=\"separator\">.<\/div>\n<div class=\"separator\">\u00a0<\/div>\n<div class=\"separator\">\u00a0<\/div>","protected":false},"excerpt":{"rendered":"<p>Bom dia, amigos cultos e ocultos! Sinceramente, \u00e9 mais f\u00e1cil postar vinil do que cd. O disquinho prateado, por incr\u00edvel que pare\u00e7a, d\u00e1 mais trabalho na hora de editar e geralmente tem encartes mais complicados e dif\u00edcil de fotografar. Por &hellip; <a href=\"https:\/\/www.toque-musicall.com\/?p=8244\">Continue lendo <span class=\"meta-nav\">&rarr;<\/span><\/a><\/p>\n","protected":false},"author":1,"featured_media":0,"comment_status":"closed","ping_status":"closed","sticky":false,"template":"","format":"standard","meta":{"footnotes":""},"categories":[2659,4294],"tags":[3208,4295],"class_list":["post-8244","post","type-post","status-publish","format-standard","hentry","category-cds","category-flavio-sandoval-zezo-ribeiro","tag-cds","tag-flavio-sandoval-zezo-ribeiro"],"_links":{"self":[{"href":"https:\/\/www.toque-musicall.com\/index.php?rest_route=\/wp\/v2\/posts\/8244","targetHints":{"allow":["GET"]}}],"collection":[{"href":"https:\/\/www.toque-musicall.com\/index.php?rest_route=\/wp\/v2\/posts"}],"about":[{"href":"https:\/\/www.toque-musicall.com\/index.php?rest_route=\/wp\/v2\/types\/post"}],"author":[{"embeddable":true,"href":"https:\/\/www.toque-musicall.com\/index.php?rest_route=\/wp\/v2\/users\/1"}],"replies":[{"embeddable":true,"href":"https:\/\/www.toque-musicall.com\/index.php?rest_route=%2Fwp%2Fv2%2Fcomments&post=8244"}],"version-history":[{"count":2,"href":"https:\/\/www.toque-musicall.com\/index.php?rest_route=\/wp\/v2\/posts\/8244\/revisions"}],"predecessor-version":[{"id":8295,"href":"https:\/\/www.toque-musicall.com\/index.php?rest_route=\/wp\/v2\/posts\/8244\/revisions\/8295"}],"wp:attachment":[{"href":"https:\/\/www.toque-musicall.com\/index.php?rest_route=%2Fwp%2Fv2%2Fmedia&parent=8244"}],"wp:term":[{"taxonomy":"category","embeddable":true,"href":"https:\/\/www.toque-musicall.com\/index.php?rest_route=%2Fwp%2Fv2%2Fcategories&post=8244"},{"taxonomy":"post_tag","embeddable":true,"href":"https:\/\/www.toque-musicall.com\/index.php?rest_route=%2Fwp%2Fv2%2Ftags&post=8244"}],"curies":[{"name":"wp","href":"https:\/\/api.w.org\/{rel}","templated":true}]}}