{"id":8246,"date":"2021-02-09T12:58:00","date_gmt":"2021-02-09T14:58:00","guid":{"rendered":"http:\/\/www.toque-musicall.com\/?p=8246"},"modified":"2021-02-12T19:33:12","modified_gmt":"2021-02-12T21:33:12","slug":"discoteca-brasileira-do-seculo-xx-1900-1949-2007","status":"publish","type":"post","link":"https:\/\/www.toque-musicall.com\/?p=8246","title":{"rendered":"Discoteca Brasileira Do S\u00e9culo XX &#8211; 1900-1949 (2007)"},"content":{"rendered":"\n<figure class=\"wp-block-image size-large\"><img decoding=\"async\" src=\"https:\/\/1.bp.blogspot.com\/-01Al4juAn2g\/YCaNQmEqWZI\/AAAAAAAATCo\/di1RfHQ59RAyg6kM5yaFBOnhMRge2LV9QCLcBGAsYHQ\/w640-h564\/Anota%25C3%25A7%25C3%25A3o%2B2021-02-12%2B073640.JPG\" alt=\"\"\/><\/figure>\n\n\n\n<figure class=\"wp-block-image size-large\"><img decoding=\"async\" src=\"https:\/\/1.bp.blogspot.com\/-4LTzWmLJe_w\/YCaNQtYia6I\/AAAAAAAATCs\/WyGXgvOgO2QPcNLKMfdUQPQrJuJfJJVsQCLcBGAsYHQ\/w640-h582\/Anota%25C3%25A7%25C3%25A3o%2B2021-02-12%2B073518.JPG\" alt=\"\"\/><\/figure>\n\n\n<div class=\"separator\">Bom dia, meus queridos amigos cultos e ocultos! Entre tantas produ\u00e7\u00f5es na era do cd, algumas coisas as vezes vem de outros tempos, de tempos de vinil, ou mais ainda das velhas bolachas de 78 rpm. Aqui, tenho hoje um dos volumes que comp\u00f5e a s\u00e9rie &#8220;Discoteca Brasileira do S\u00e9culo XX&#8221;, lan\u00e7ada pelo O Globo em 2007. Trata-se de uma cole\u00e7\u00e3o em cd e em forma de um pequeno livrinho, dividida em seis volumes onde cada qual abrange um per\u00edodo dentro do s\u00e9culo vinte. Para cada per\u00edodo foi escolhido um autor para os textos que acompanham os cds. Aqui temos o jornalista Jo\u00e3o M\u00e1ximo nos apresentando um pouco da hist\u00f3ria dos prim\u00f3rdios da m\u00fasica gravada no Brasil, com alguns dos seus principais compositores e int\u00e9rpretes do per\u00edodo que vai de 1900 a 49. Uma cole\u00e7\u00e3o muito boa em cd que infelizmente j\u00e1 est\u00e1 fora de cat\u00e1logo. E como podemos ver aqui, traz 14 m\u00fasicas\/artistas em vers\u00f5es originais. Por certo, tudo aqui j\u00e1 foi visto e ouvido em nosso Toque Musical, mas essa cole\u00e7\u00e3ozinha \u00e9 mesmo um primor. Quem gosta de colecionar cd n\u00e3o pode perder essa&#8230;<\/div>\n<div class=\"separator\">\u00a0<\/div>\n<div class=\"separator\">brejeiro- apanhei-te cavaquinho &#8211; maria teresa madeira e pedro amorim<\/div>\n<div class=\"separator\">um a zero &#8211; pixinguinha<\/div>\n<div class=\"separator\">pelo telefone &#8211; baiano<\/div>\n<div class=\"separator\">se voc\u00ea jurar &#8211; francisco alves e mario reis<\/div>\n<div class=\"separator\">conversa de botequim &#8211; noel rosa<\/div>\n<div class=\"separator\">ch\u00e3o de estrelas &#8211; silvio caldas<\/div>\n<div class=\"separator\">aquarela do brasil &#8211; francisco alves<\/div>\n<div class=\"separator\">juramento falso &#8211; orlando silva<\/div>\n<div class=\"separator\">disseram que eu voltei americanizada &#8211; carmen miranda<\/div>\n<div class=\"separator\">ai que saudades da am\u00e9lia &#8211; ataulfo alves<\/div>\n<div class=\"separator\">saudade de itapo\u00e3 &#8211; dorival caymmi<\/div>\n<div class=\"separator\">escandalosa &#8211; aracy de almeida<\/div>\n<div class=\"separator\">ave maria do morro &#8211; dalva de oliveira<\/div>\n<div class=\"separator\">terra seca &#8211; quatro ases e um coringa<\/div>\n<div class=\"separator\">\u00a0<\/div>\n<div class=\"separator\">\u00a0<\/div>\n<div class=\"separator\">.<\/div>","protected":false},"excerpt":{"rendered":"<p>Bom dia, meus queridos amigos cultos e ocultos! Entre tantas produ\u00e7\u00f5es na era do cd, algumas coisas as vezes vem de outros tempos, de tempos de vinil, ou mais ainda das velhas bolachas de 78 rpm. Aqui, tenho hoje um &hellip; <a href=\"https:\/\/www.toque-musicall.com\/?p=8246\">Continue lendo <span class=\"meta-nav\">&rarr;<\/span><\/a><\/p>\n","protected":false},"author":1,"featured_media":0,"comment_status":"closed","ping_status":"closed","sticky":false,"template":"","format":"standard","meta":{"footnotes":""},"categories":[2659,4296],"tags":[3208,4297],"class_list":["post-8246","post","type-post","status-publish","format-standard","hentry","category-cds","category-discoteca-brasileira-do-seculo-xx","tag-cds","tag-discoteca-brasileira-do-seculo-xx"],"_links":{"self":[{"href":"https:\/\/www.toque-musicall.com\/index.php?rest_route=\/wp\/v2\/posts\/8246","targetHints":{"allow":["GET"]}}],"collection":[{"href":"https:\/\/www.toque-musicall.com\/index.php?rest_route=\/wp\/v2\/posts"}],"about":[{"href":"https:\/\/www.toque-musicall.com\/index.php?rest_route=\/wp\/v2\/types\/post"}],"author":[{"embeddable":true,"href":"https:\/\/www.toque-musicall.com\/index.php?rest_route=\/wp\/v2\/users\/1"}],"replies":[{"embeddable":true,"href":"https:\/\/www.toque-musicall.com\/index.php?rest_route=%2Fwp%2Fv2%2Fcomments&post=8246"}],"version-history":[{"count":1,"href":"https:\/\/www.toque-musicall.com\/index.php?rest_route=\/wp\/v2\/posts\/8246\/revisions"}],"predecessor-version":[{"id":8247,"href":"https:\/\/www.toque-musicall.com\/index.php?rest_route=\/wp\/v2\/posts\/8246\/revisions\/8247"}],"wp:attachment":[{"href":"https:\/\/www.toque-musicall.com\/index.php?rest_route=%2Fwp%2Fv2%2Fmedia&parent=8246"}],"wp:term":[{"taxonomy":"category","embeddable":true,"href":"https:\/\/www.toque-musicall.com\/index.php?rest_route=%2Fwp%2Fv2%2Fcategories&post=8246"},{"taxonomy":"post_tag","embeddable":true,"href":"https:\/\/www.toque-musicall.com\/index.php?rest_route=%2Fwp%2Fv2%2Ftags&post=8246"}],"curies":[{"name":"wp","href":"https:\/\/api.w.org\/{rel}","templated":true}]}}