{"id":825,"date":"2010-06-04T23:42:00","date_gmt":"2010-06-04T23:42:00","guid":{"rendered":"http:\/\/www.toque-musicall.com\/?p=825"},"modified":"2010-06-04T23:42:00","modified_gmt":"2010-06-04T23:42:00","slug":"mario-reis-e-carlos-galhardo-reliquias-brasileiras-1986","status":"publish","type":"post","link":"https:\/\/www.toque-musicall.com\/?p=825","title":{"rendered":"Mario Reis E Carlos Galhardo &#8211; Rel\u00edquias Brasileiras (1986)"},"content":{"rendered":"<p><a href=\"http:\/\/3.bp.blogspot.com\/_DSKVEvHtskc\/TAmSbxkMKCI\/AAAAAAAAGno\/Z78nsN4ze7U\/s1600\/rel%C3%ADquias+brasileira+P.JPG\"><img decoding=\"async\" style=\"TEXT-ALIGN: center; MARGIN: 0px auto 10px; WIDTH: 393px; DISPLAY: block; HEIGHT: 400px; CURSOR: hand\" id=\"BLOGGER_PHOTO_ID_5479071427532171298\" border=\"0\" alt=\"\" src=\"http:\/\/3.bp.blogspot.com\/_DSKVEvHtskc\/TAmSbxkMKCI\/AAAAAAAAGno\/Z78nsN4ze7U\/s400\/rel%C3%ADquias+brasileira+P.JPG\" \/><\/a>Ol\u00e1, amigos cultos e ocultos! Chegamos a mais uma sexta independente, trazendo o lado alternativo do universo musical e fonogr\u00e1fico. Temos para hoje o lp &#8220;Rel\u00edquias Brasileiras, Volume 7&#8221;, um \u00e1lbum realizado de forma independente por uma produtora mineira, com o apoio de colecionadores de antigas bolachas de 78 rpm. Conforme a informa\u00e7\u00e3o do texto na contracapa, este \u00e9 mais um volume da cole\u00e7\u00e3o motivada pelo tradicional programa &#8220;Rel\u00edquias Brasileiras&#8221; da R\u00e1dio Am\u00e9rica (AM 750 khz) de Belo Horizonte. O que me pareceu estranho foi que nunca vi e nem achei nenhum outro volume da s\u00e9rie. N\u00e3o sei explicar a raz\u00e3o do tal volume 7 \ud83d\ude41<br \/>Independente de qualquer coisa, o que temos aqui s\u00e3o grava\u00e7\u00f5es raras de M\u00e1rio Reis e Carlos Galhardo. S\u00e3o quatorze faixas onde temos de um lado M\u00e1rio Reis acompanhado pela Orquestra Diabos do C\u00e9u, em grava\u00e7\u00f5es originais que v\u00e3o de 1933 a 35. Do outro, temos Carlos Galhardo, tamb\u00e9m acompanhado pela Orquestra Diabos do C\u00e9u e Orquestra Victor Brasileira entre os anos de 1937 a 39. Completa a rela\u00e7\u00e3o com a m\u00fasica &#8220;R\u00e9 misteriosa&#8221;, de 1947, onde Galhardo vem acompanhado pela Orquestra do Maestro Zacarias. Ta\u00ed, uma sele\u00e7\u00e3o muito boa e rara que ningu\u00e9m pode perder \ud83d\ude42<\/p>\n<div align=\"center\">M\u00e1rio Reis<\/div>\n<div align=\"center\">agora \u00e9 cinza<\/div>\n<div align=\"center\">ride palha\u00e7o<\/div>\n<div align=\"center\">uma andorinha n\u00e3o faz ver\u00e3o<\/div>\n<div align=\"center\">o sol nasceu para todos<\/div>\n<div align=\"center\">linda mimi<\/div>\n<div align=\"center\">eva querida<\/div>\n<div align=\"center\">rasguei a minha fantasia<\/div>\n<div align=\"center\"> <\/div>\n<div align=\"center\">Carlos Garlhardo<\/div>\n<div align=\"center\">h\u00f3 senhora viuva<\/div>\n<div align=\"center\">ol\u00e1 seu nicolau<\/div>\n<div align=\"center\">r\u00e9 misteriosa<\/div>\n<div align=\"center\">bahiana me d\u00e1 seu amor<\/div>\n<div align=\"center\">olhei pra voc\u00ea<\/div>\n<div align=\"center\">chega j\u00e1 \u00e9 demais<\/div>\n<div align=\"center\">linda morena<\/div>\n<div align=\"center\"> <\/div>\n<div align=\"center\"> <\/div>\n","protected":false},"excerpt":{"rendered":"<p>Ol\u00e1, amigos cultos e ocultos! Chegamos a mais uma sexta independente, trazendo o lado alternativo do universo musical e fonogr\u00e1fico. Temos para hoje o lp &#8220;Rel\u00edquias Brasileiras, Volume 7&#8221;, um \u00e1lbum realizado de forma independente por uma produtora mineira, com &hellip; <a href=\"https:\/\/www.toque-musicall.com\/?p=825\">Continue lendo <span class=\"meta-nav\">&rarr;<\/span><\/a><\/p>\n","protected":false},"author":1,"featured_media":0,"comment_status":"open","ping_status":"closed","sticky":false,"template":"","format":"standard","meta":{"footnotes":""},"categories":[138,817],"tags":[],"class_list":["post-825","post","type-post","status-publish","format-standard","hentry","category-carlos-galhardo","category-mario-reis"],"_links":{"self":[{"href":"https:\/\/www.toque-musicall.com\/index.php?rest_route=\/wp\/v2\/posts\/825","targetHints":{"allow":["GET"]}}],"collection":[{"href":"https:\/\/www.toque-musicall.com\/index.php?rest_route=\/wp\/v2\/posts"}],"about":[{"href":"https:\/\/www.toque-musicall.com\/index.php?rest_route=\/wp\/v2\/types\/post"}],"author":[{"embeddable":true,"href":"https:\/\/www.toque-musicall.com\/index.php?rest_route=\/wp\/v2\/users\/1"}],"replies":[{"embeddable":true,"href":"https:\/\/www.toque-musicall.com\/index.php?rest_route=%2Fwp%2Fv2%2Fcomments&post=825"}],"version-history":[{"count":0,"href":"https:\/\/www.toque-musicall.com\/index.php?rest_route=\/wp\/v2\/posts\/825\/revisions"}],"wp:attachment":[{"href":"https:\/\/www.toque-musicall.com\/index.php?rest_route=%2Fwp%2Fv2%2Fmedia&parent=825"}],"wp:term":[{"taxonomy":"category","embeddable":true,"href":"https:\/\/www.toque-musicall.com\/index.php?rest_route=%2Fwp%2Fv2%2Fcategories&post=825"},{"taxonomy":"post_tag","embeddable":true,"href":"https:\/\/www.toque-musicall.com\/index.php?rest_route=%2Fwp%2Fv2%2Ftags&post=825"}],"curies":[{"name":"wp","href":"https:\/\/api.w.org\/{rel}","templated":true}]}}