{"id":8253,"date":"2021-02-11T20:49:00","date_gmt":"2021-02-11T22:49:00","guid":{"rendered":"http:\/\/www.toque-musicall.com\/?p=8253"},"modified":"2021-02-26T23:15:49","modified_gmt":"2021-02-27T02:15:49","slug":"8253","status":"publish","type":"post","link":"https:\/\/www.toque-musicall.com\/?p=8253","title":{"rendered":"Psychedelic Pernambuco (2011)"},"content":{"rendered":"\n<figure class=\"wp-block-image size-large\"><img decoding=\"async\" src=\"https:\/\/1.bp.blogspot.com\/-b2TgTkU499g\/YChNX_67-xI\/AAAAAAAATDY\/UKPb57znYuUAmq_vf7oP9MAoRQfhirxKwCLcBGAsYHQ\/w640-h640\/Psychedelic%2BPernambuco%2B-%2BFront%2BAlt.jpg\" alt=\"\"\/><\/figure>\n\n\n\n<figure class=\"wp-block-image size-large\"><img decoding=\"async\" src=\"https:\/\/1.bp.blogspot.com\/-4-PZ_HYMymE\/YChNkju3MpI\/AAAAAAAATDg\/PzLFV2GS9CM386YNzEh7DG4-3c5s3C-uQCLcBGAsYHQ\/w640-h606\/Anota%25C3%25A7%25C3%25A3o%2B2021-02-13%2B190042.JPG\" alt=\"\"\/><\/figure>\n\n\n<p>Ol\u00e1, amigos cultos e ocultos! Aqui temos um disquinho com sabor de vinil. Uma compila\u00e7\u00e3o de artistas e discos da cena musical nordestina no final dos anos 60 e in\u00edcio dos anos 70. S\u00e3o 19 m\u00fasicas trazendo artistas como Flaviola e o Bando do Sol, Marconi Notaro, Geraldo Azevedo &amp; Alceu Valen\u00e7a, Lula Cortes e Z\u00e9 Ramalho. Uma sele\u00e7\u00e3o de grava\u00e7\u00f5es da Rozenblit feita para o selo Mr. Bongo destinado ao mercado internacional. Colet\u00e2nea bem maneira para ingl\u00eas ver e ouvir. Confiram no GTM&#8230;<\/p>\n<div class=\"separator\">\u00a0<\/div>\n<div class=\"separator\">sorriso selvagem &#8211; the gentlemen<\/div>\n<div class=\"separator\">o tempo &#8211; flaviola e o bando do sol<\/div>\n<div class=\"separator\">mister mist\u00e9rio &#8211; alceu valen\u00e7a e geraldo azevedo<\/div>\n<div class=\"separator\">antropol\u00f3gica &#8211; marconi notaro<\/div>\n<div class=\"separator\">78 rota\u00e7\u00f5es &#8211; alceu valen\u00e7a e geraldo azevedo<\/div>\n<div class=\"separator\">nordeste oriental &#8211; lula cortes<\/div>\n<div class=\"separator\">novena &#8211; alceu valen\u00e7a e geraldo azevedo<\/div>\n<div class=\"separator\">noite preta &#8211; lula cortes<\/div>\n<div class=\"separator\">maracatu &#8211; marconi notaro<\/div>\n<div class=\"separator\">bailado das muscarias &#8211; lula cortes e z\u00e9 ramalho<\/div>\n<div class=\"separator\">desespero &#8211; flaviola e bando do sol<\/div>\n<div class=\"separator\">bahjan &#8211; ora\u00e7\u00e3o para shiva &#8211; lula cortes<\/div>\n<div class=\"separator\">fidelidade &#8211; marconi notaro<\/div>\n<div class=\"separator\">planet\u00e1rio &#8211; alceu valen\u00e7a e geraldo azevedo<\/div>\n<div class=\"separator\">ah vida avida &#8211; marconi notaro<\/div>\n<div class=\"separator\">mar\u00e1cas de fogo &#8211; lula cortes e z\u00e9 ramalho<\/div>\n<div class=\"separator\">virgem virginia &#8211; alceu valen\u00e7a e geraldo azevedo<\/div>\n<div class=\"separator\">alegro piradissimo &#8211; lula cortes<\/div>\n<div class=\"separator\">beira mar &#8211; lula cortes e z\u00e9 ramalho<\/div>\n<div class=\"separator\">\u00a0<\/div>\n<div class=\"separator\">\u00a0<\/div>\n<div class=\"separator\">.<\/div>\n<p><strong>\u00a0<\/strong><\/p>\n<div class=\"separator\">\u00a0<\/div>\n<div class=\"separator\">\u00a0<\/div>","protected":false},"excerpt":{"rendered":"<p>Ol\u00e1, amigos cultos e ocultos! Aqui temos um disquinho com sabor de vinil. Uma compila\u00e7\u00e3o de artistas e discos da cena musical nordestina no final dos anos 60 e in\u00edcio dos anos 70. S\u00e3o 19 m\u00fasicas trazendo artistas como Flaviola &hellip; <a href=\"https:\/\/www.toque-musicall.com\/?p=8253\">Continue lendo <span class=\"meta-nav\">&rarr;<\/span><\/a><\/p>\n","protected":false},"author":1,"featured_media":0,"comment_status":"closed","ping_status":"closed","sticky":false,"template":"","format":"standard","meta":{"footnotes":""},"categories":[2659,4300],"tags":[3208,4299],"class_list":["post-8253","post","type-post","status-publish","format-standard","hentry","category-cds","category-psychedelic-pernambuco","tag-cds","tag-psychedelic-pernambuco"],"_links":{"self":[{"href":"https:\/\/www.toque-musicall.com\/index.php?rest_route=\/wp\/v2\/posts\/8253","targetHints":{"allow":["GET"]}}],"collection":[{"href":"https:\/\/www.toque-musicall.com\/index.php?rest_route=\/wp\/v2\/posts"}],"about":[{"href":"https:\/\/www.toque-musicall.com\/index.php?rest_route=\/wp\/v2\/types\/post"}],"author":[{"embeddable":true,"href":"https:\/\/www.toque-musicall.com\/index.php?rest_route=\/wp\/v2\/users\/1"}],"replies":[{"embeddable":true,"href":"https:\/\/www.toque-musicall.com\/index.php?rest_route=%2Fwp%2Fv2%2Fcomments&post=8253"}],"version-history":[{"count":5,"href":"https:\/\/www.toque-musicall.com\/index.php?rest_route=\/wp\/v2\/posts\/8253\/revisions"}],"predecessor-version":[{"id":8294,"href":"https:\/\/www.toque-musicall.com\/index.php?rest_route=\/wp\/v2\/posts\/8253\/revisions\/8294"}],"wp:attachment":[{"href":"https:\/\/www.toque-musicall.com\/index.php?rest_route=%2Fwp%2Fv2%2Fmedia&parent=8253"}],"wp:term":[{"taxonomy":"category","embeddable":true,"href":"https:\/\/www.toque-musicall.com\/index.php?rest_route=%2Fwp%2Fv2%2Fcategories&post=8253"},{"taxonomy":"post_tag","embeddable":true,"href":"https:\/\/www.toque-musicall.com\/index.php?rest_route=%2Fwp%2Fv2%2Ftags&post=8253"}],"curies":[{"name":"wp","href":"https:\/\/api.w.org\/{rel}","templated":true}]}}