{"id":8257,"date":"2021-02-12T20:29:00","date_gmt":"2021-02-12T22:29:00","guid":{"rendered":"http:\/\/www.toque-musicall.com\/?p=8257"},"modified":"2021-02-17T21:44:28","modified_gmt":"2021-02-17T23:44:28","slug":"joao-carlos-martins-interpretando-cravo-bem-temperado-1994","status":"publish","type":"post","link":"https:\/\/www.toque-musicall.com\/?p=8257","title":{"rendered":"Jo\u00e3o Carlos Martins &#8211; Interpretando Cravo Bem Temperado (1994)"},"content":{"rendered":"\n<figure class=\"wp-block-image size-large\"><img decoding=\"async\" src=\"https:\/\/1.bp.blogspot.com\/-Nvd_vcM3kbk\/YCkk9fZ082I\/AAAAAAAATD0\/F4AAmLI1H84su9wFyirdNa53YuZy4na1wCLcBGAsYHQ\/w636-h640\/Anota%25C3%25A7%25C3%25A3o%2B2021-02-14%2B101709.JPG\" alt=\"\"\/><\/figure>\n\n\n\n<figure class=\"wp-block-image size-large\"><img decoding=\"async\" src=\"https:\/\/1.bp.blogspot.com\/-v55mwB99H5U\/YCklKyxeBPI\/AAAAAAAATD4\/ZR3oCEGSm3QkPFn4zuse8cbPQSmQi0lGQCLcBGAsYHQ\/w640-h596\/Anota%25C3%25A7%25C3%25A3o%2B2021-02-14%2B102421.JPG\" alt=\"\"\/><\/figure>\n\n\n<div class=\"separator\">Muito bom dia a todos os amigos cultos e ocultos! Nosso encontro hoje \u00e9 com a m\u00fasica cl\u00e1ssica, mais exatamente com o barroco de Johann Sebastian Bach na interpreta\u00e7\u00e3o do grande pianista e maestro Jo\u00e3o Carlos Martins. Como podemos ver pela capa, temos aqui dez dos mais conhecidos prel\u00fadios do genial compositor. Mas o foco maior aqui \u00e9 para o nosso pianista, um artista exemplar cuja carreira foi sempre cheia de adversidades. Sua hist\u00f3ria virou roteiro de filme. Paulista, filho de um, tamb\u00e9m pianista, o portugu\u00eas Jos\u00e9 Eduardo Martins. Seu pai infelizmente sofreu um acidente, perdendo o polegar, o que acabou desfazendo o sonho de seguir carreira como pianista. Mas o piano continuaria presente na fam\u00edlia, pois tanto Jo\u00e3o Carlos quanto seu irm\u00e3o Jos\u00e9 Eduardo Martins seguiriam como pianistas. Jo\u00e3o Carlos come\u00e7ou a tocar piano ainda na inf\u00e2ncia, tendo inicialmente como professor o pr\u00f3prio pai. Aos treze anos j\u00e1 era um concertista e aos 18 um virtuoso do piano e j\u00e1 se apresentando pelo mundo a fora como um dos mais aclamados artistas da m\u00fasica erudita. Se tornou o melhor int\u00e9rprete da obra de Bach de sua gera\u00e7\u00e3o, tendo gravado deste toda a sua obra para piano. Em 1965 ele sofreu um acidente, uma queda boba lhe causou uma perfura\u00e7\u00e3o no cotovelo que atingiu um nervo, lhe provocando atrofia em tr\u00eas dedos da m\u00e3o. A recupera\u00e7\u00e3o demorou muito tempo fazendo com que ele tivesse dificuldade para se recuperar. Mas mesmo assim ele ainda continuou tocando at\u00e9 novamente surgir outro problema, os dist\u00farbios osteomusculares, o que lhe afastou por um tempo do piano, voltando a tocar de 1979 a 85. Em 1995, mais uma vez l\u00e1 estava o nosso pianista numa situa\u00e7\u00e3o dif\u00edcil, v\u00edtima de um assalto, o maestro foi golpeado na cabe\u00e7a com uma barra de ferro, o que comprometeu seriamente o seu bra\u00e7o direito, sendo necess\u00e1ria uma cirurgia que cortou a liga\u00e7\u00e3o entre o c\u00e9rebro e o bra\u00e7o, lhe tirando assim todos os movimentos da m\u00e3o. Apesar de tudo, Jo\u00e3o Carlos n\u00e3o desistiu, viria novamente a gravar usando apenas a m\u00e3o esquerda. Impossibilitado de continuar como pianista, se tornou maestro. Formou a Bachiana Filarm\u00f4nica e se apresentou novamente em grandes palcos pelo mundo. Sua hist\u00f3ria, de roteiro virou filme em 2018, &#8220;Jo\u00e3o, O Maestro&#8221; e tamb\u00e9m pe\u00e7a de teatro, &#8220;Concerto para Jo\u00e3o&#8221;.<\/div>\n<div class=\"separator\">&nbsp;<\/div>\n<div class=\"separator\">prel\u00fadio e fuga n\u00ba 1 em&nbsp; d\u00f3 maior<\/div>\n<div class=\"separator\">prel\u00fadio e fuga n\u00ba 5 em r\u00e9 maior<\/div>\n<div class=\"separator\">preludio e fuga n\u00ba 8&nbsp; em mi bemol maior<\/div>\n<div class=\"separator\">\n<div class=\"separator\">prel\u00fadio e fuga n\u00ba 13 em f\u00e1 sustenido maior<\/div>\n<div class=\"separator\">preludio e fuga n\u00ba 21 em si bemol maior<\/div>\n<div class=\"separator\">\n<div class=\"separator\">prel\u00fadio e fuga n\u00ba 3 em d\u00f3 sustenido maior<\/div>\n<div class=\"separator\">preludio e fuga n\u00ba 6 em r\u00e9 menor<\/div>\n<div class=\"separator\">\n<div class=\"separator\">prel\u00fadio e fuga n\u00ba 9 em mi maior<\/div>\n<div class=\"separator\">preludio e fuga n\u00ba 15 em sol maior<\/div>\n<div class=\"separator\">\n<div class=\"separator\">prel\u00fadio e fuga n\u00ba 24 em si menor<\/div>\n<div class=\"separator\">&nbsp;<\/div>\n<\/div>\n<\/div>\n<\/div>\n<\/div>\n<div class=\"separator\">&nbsp;<\/div>\n<div class=\"separator\">&nbsp;<\/div>\n<p><\/p>\n<div class=\"separator\">&nbsp;<\/div>","protected":false},"excerpt":{"rendered":"<p>Muito bom dia a todos os amigos cultos e ocultos! Nosso encontro hoje \u00e9 com a m\u00fasica cl\u00e1ssica, mais exatamente com o barroco de Johann Sebastian Bach na interpreta\u00e7\u00e3o do grande pianista e maestro Jo\u00e3o Carlos Martins. Como podemos ver &hellip; <a href=\"https:\/\/www.toque-musicall.com\/?p=8257\">Continue lendo <span class=\"meta-nav\">&rarr;<\/span><\/a><\/p>\n","protected":false},"author":1,"featured_media":0,"comment_status":"closed","ping_status":"closed","sticky":false,"template":"","format":"standard","meta":{"footnotes":""},"categories":[2659,4301,153],"tags":[3208,4302,3091],"class_list":["post-8257","post","type-post","status-publish","format-standard","hentry","category-cds","category-joao-carlos-martins","category-selo-rge","tag-cds","tag-joao-carlos-martins","tag-selo-rge"],"_links":{"self":[{"href":"https:\/\/www.toque-musicall.com\/index.php?rest_route=\/wp\/v2\/posts\/8257","targetHints":{"allow":["GET"]}}],"collection":[{"href":"https:\/\/www.toque-musicall.com\/index.php?rest_route=\/wp\/v2\/posts"}],"about":[{"href":"https:\/\/www.toque-musicall.com\/index.php?rest_route=\/wp\/v2\/types\/post"}],"author":[{"embeddable":true,"href":"https:\/\/www.toque-musicall.com\/index.php?rest_route=\/wp\/v2\/users\/1"}],"replies":[{"embeddable":true,"href":"https:\/\/www.toque-musicall.com\/index.php?rest_route=%2Fwp%2Fv2%2Fcomments&post=8257"}],"version-history":[{"count":2,"href":"https:\/\/www.toque-musicall.com\/index.php?rest_route=\/wp\/v2\/posts\/8257\/revisions"}],"predecessor-version":[{"id":8259,"href":"https:\/\/www.toque-musicall.com\/index.php?rest_route=\/wp\/v2\/posts\/8257\/revisions\/8259"}],"wp:attachment":[{"href":"https:\/\/www.toque-musicall.com\/index.php?rest_route=%2Fwp%2Fv2%2Fmedia&parent=8257"}],"wp:term":[{"taxonomy":"category","embeddable":true,"href":"https:\/\/www.toque-musicall.com\/index.php?rest_route=%2Fwp%2Fv2%2Fcategories&post=8257"},{"taxonomy":"post_tag","embeddable":true,"href":"https:\/\/www.toque-musicall.com\/index.php?rest_route=%2Fwp%2Fv2%2Ftags&post=8257"}],"curies":[{"name":"wp","href":"https:\/\/api.w.org\/{rel}","templated":true}]}}