{"id":8277,"date":"2021-02-18T12:30:00","date_gmt":"2021-02-18T14:30:00","guid":{"rendered":"http:\/\/www.toque-musicall.com\/?p=8277"},"modified":"2021-02-21T12:32:46","modified_gmt":"2021-02-21T15:32:46","slug":"joao-de-jesus-paes-loureiro-o-poeta-e-seu-canto-2007","status":"publish","type":"post","link":"https:\/\/www.toque-musicall.com\/?p=8277","title":{"rendered":"Jo\u00e3o De Jesus Paes Loureiro &#8211; O Poeta E Seu Canto (2007)"},"content":{"rendered":"\n<figure class=\"wp-block-image size-large\"><img decoding=\"async\" src=\"https:\/\/1.bp.blogspot.com\/-uRRx3-abL1o\/YDJRbH4rFxI\/AAAAAAAATSc\/n3N4Q3JSFKk8BFqjc-YBPW7rw6W4Td_jACLcBGAsYHQ\/w610-h640\/Anota%25C3%25A7%25C3%25A3o%2B2021-02-21%2B092240.jpg\" alt=\"\"\/><\/figure>\n\n\n\n<figure class=\"wp-block-image size-large\"><img decoding=\"async\" src=\"https:\/\/1.bp.blogspot.com\/-gW_WRyoPLbA\/YDJRbLpyA7I\/AAAAAAAATSg\/lI75Op94qB8uiZZ93i8EWFXaVUf-yDaMACLcBGAsYHQ\/w640-h554\/Anota%25C3%25A7%25C3%25A3o%2B2021-02-21%2B092341.jpg\" alt=\"\"\/><\/figure>\n\n\n<div class=\"separator\">Bom dia a todos, amigos cultos e ocultos! Temos hoje em nossa mostra fonomusical de cd um trabalho que merece o nosso toque. Mais um disquinho enviado pelo nosso amigo culto Marco Pereira. Hoje vamos com a poesia de Jo\u00e3o de Jesus Paes Loureiro, um dos importantes nomes da literatura e poesia brasileira, mais conhecido como Paes Loureiro. Nascido no Par\u00e1, tem um vasto curr\u00edculo no campo acad\u00eamico, tendo sido professor de Est\u00e9tica e Hist\u00f3ria da Arte e Cultura Amaz\u00f4nica. Tamb\u00e9m atuou como secret\u00e1rio de educa\u00e7\u00e3o nos anos 80, na gest\u00e3o do governo de H\u00e9lio Gueiros. Autor premiado v\u00e1rias vezes. Possui uma extensa obra liter\u00e1ria, muito focada na poesia e boa parte publicada tamb\u00e9m na Alemanha, Fran\u00e7a e It\u00e1lia. Seu envolvimento no campo da m\u00fasica, ou mais exatamente no disco vem desde 1974, quando ent\u00e3o gravou seus primeiros trabalhos musicados. Gravou com Sebasti\u00e3o Tapaj\u00f3s (Rostos da Amaz\u00f4nia). Depois, tamb\u00e9m gravou com o Quinteto Violado (At\u00e9 a Amaz\u00f4nia e O Rei e o Jardineiro). Gravou em 1998 um disco em parceria como Salom\u00e3o Habib e em 2007 este cd que aqui apresentamos, &#8220;O poeta e seu canto&#8221;, lan\u00e7ado em 2007. Este disco, na verdade vale por dois, ou seja, s\u00e3o dois trabalhos em um disco s\u00f3: &#8220;Cantar dos Encantados&#8221; e &#8220;P\u00e1ssaro da Terra&#8221;. Aqui encontramos o Paes Loureiro poeta e letrista, tendo como parceiros, m\u00fasicos como Toinho Alves, Salom\u00e3o Habib, Waldemar Henrique, Galdino Pena e Denise Emmer. Sem d\u00favida, um bel\u00edssimo disco que n\u00e3o podemos deixar passar batido. Vale a pena ouvir e conhecer. Confiram no GTM&#8230;<\/div>\n<div class=\"separator\">\u00a0<\/div>\n<div class=\"separator\">Cantar dos Encantados:<\/div>\n<div class=\"separator\">voa can\u00e7\u00e3o<\/div>\n<div class=\"separator\">cantar do encantados<\/div>\n<div class=\"separator\">fragmento III<\/div>\n<div class=\"separator\">a hist\u00f3ria luminosa e triste de cobranorato<\/div>\n<div class=\"separator\">boi\u00fana<\/div>\n<div class=\"separator\">p\u00e1ssaro da terra<\/div>\n<div class=\"separator\">uma can\u00e7\u00e3o de amor<\/div>\n<div class=\"separator\">avemaria para bel\u00e9m<\/div>\n<div class=\"separator\">can\u00e7\u00e3o para bel\u00e9m<\/div>\n<div class=\"separator\">eu nasci no amor prefeito<\/div>\n<div class=\"separator\">do cora\u00e7\u00e3o e suas amarras<\/div>\n<div class=\"separator\">balada trovada de um mo\u00e7o e seu sonho<\/div>\n<div class=\"separator\">fragmento III<\/div>\n<div class=\"separator\">\u00a0<\/div>\n<div class=\"separator\">P\u00e1ssaro da Terra<\/div>\n<div class=\"separator\">abertura<\/div>\n<div class=\"separator\">tema do ca\u00e7ador<\/div>\n<div class=\"separator\">tema do p\u00e1ssaro da terra<\/div>\n<div class=\"separator\">lundu dos caboclos<\/div>\n<div class=\"separator\">rouxinol (tema do teot\u00f4nio)<\/div>\n<div class=\"separator\">severino louren\u00e7o<\/div>\n<div class=\"separator\">coro (do solo calcinado)<\/div>\n<div class=\"separator\">p\u00e1ssaro da terra (tema da donzela)<\/div>\n<div class=\"separator\">ca\u00e7ador<\/div>\n<div class=\"separator\">tirana<\/div>\n<div class=\"separator\">II tema do p\u00e1ssaro da terra<\/div>\n<div class=\"separator\">eu nasci do amor perfeito (donzela)<\/div>\n<div class=\"separator\">todos<\/div>\n<div class=\"separator\">\u00a0<\/div>\n<div class=\"separator\">.<\/div>","protected":false},"excerpt":{"rendered":"<p>Bom dia a todos, amigos cultos e ocultos! Temos hoje em nossa mostra fonomusical de cd um trabalho que merece o nosso toque. Mais um disquinho enviado pelo nosso amigo culto Marco Pereira. Hoje vamos com a poesia de Jo\u00e3o &hellip; <a href=\"https:\/\/www.toque-musicall.com\/?p=8277\">Continue lendo <span class=\"meta-nav\">&rarr;<\/span><\/a><\/p>\n","protected":false},"author":1,"featured_media":0,"comment_status":"closed","ping_status":"closed","sticky":false,"template":"","format":"standard","meta":{"footnotes":""},"categories":[2659,2129],"tags":[3208,4314],"class_list":["post-8277","post","type-post","status-publish","format-standard","hentry","category-cds","category-joao-de-jesus-paes-loureiro","tag-cds","tag-joao-de-jesus-paes-loureiro"],"_links":{"self":[{"href":"https:\/\/www.toque-musicall.com\/index.php?rest_route=\/wp\/v2\/posts\/8277","targetHints":{"allow":["GET"]}}],"collection":[{"href":"https:\/\/www.toque-musicall.com\/index.php?rest_route=\/wp\/v2\/posts"}],"about":[{"href":"https:\/\/www.toque-musicall.com\/index.php?rest_route=\/wp\/v2\/types\/post"}],"author":[{"embeddable":true,"href":"https:\/\/www.toque-musicall.com\/index.php?rest_route=\/wp\/v2\/users\/1"}],"replies":[{"embeddable":true,"href":"https:\/\/www.toque-musicall.com\/index.php?rest_route=%2Fwp%2Fv2%2Fcomments&post=8277"}],"version-history":[{"count":1,"href":"https:\/\/www.toque-musicall.com\/index.php?rest_route=\/wp\/v2\/posts\/8277\/revisions"}],"predecessor-version":[{"id":8278,"href":"https:\/\/www.toque-musicall.com\/index.php?rest_route=\/wp\/v2\/posts\/8277\/revisions\/8278"}],"wp:attachment":[{"href":"https:\/\/www.toque-musicall.com\/index.php?rest_route=%2Fwp%2Fv2%2Fmedia&parent=8277"}],"wp:term":[{"taxonomy":"category","embeddable":true,"href":"https:\/\/www.toque-musicall.com\/index.php?rest_route=%2Fwp%2Fv2%2Fcategories&post=8277"},{"taxonomy":"post_tag","embeddable":true,"href":"https:\/\/www.toque-musicall.com\/index.php?rest_route=%2Fwp%2Fv2%2Ftags&post=8277"}],"curies":[{"name":"wp","href":"https:\/\/api.w.org\/{rel}","templated":true}]}}