{"id":8279,"date":"2021-02-19T01:46:00","date_gmt":"2021-02-19T03:46:00","guid":{"rendered":"http:\/\/www.toque-musicall.com\/?p=8279"},"modified":"2021-02-25T08:53:54","modified_gmt":"2021-02-25T11:53:54","slug":"o-verso-teto-de-sol-1996","status":"publish","type":"post","link":"https:\/\/www.toque-musicall.com\/?p=8279","title":{"rendered":"O Verso &#8211; Teto De Sol (1996)"},"content":{"rendered":"\n<figure class=\"wp-block-image size-large\"><img decoding=\"async\" src=\"https:\/\/1.bp.blogspot.com\/-RolaQK9AsBU\/YDLxwXyQgiI\/AAAAAAAATTI\/p38aDXRZXoQRaT_8ra-uy-bt1jVZ9kW1gCLcBGAsYHQ\/w634-h640\/Anota%25C3%25A7%25C3%25A3o%2B2021-02-21%2B193158.jpg\" alt=\"\"\/><\/figure>\n\n\n\n<figure class=\"wp-block-image size-large\"><img decoding=\"async\" src=\"https:\/\/1.bp.blogspot.com\/-i0AtJm4GuBg\/YDLxwTB9aVI\/AAAAAAAATTE\/borwsoNE1uQz2xWbRfZKbYRD5Y_Jqab3gCLcBGAsYHQ\/w640-h576\/Anota%25C3%25A7%25C3%25A3o%2B2021-02-21%2B193258.jpg\" alt=\"\"\/><\/figure>\n\n\n<div class=\"separator\">Boa noite a todos, amigos cultos e ocultos! Aqui estamos nessa introdu\u00e7\u00e3o repetitiva, mas a cada dia com um disco diferente. Nosso encontro hoje \u00e9 com a banda mineira, de &#8216;Belorizonte&#8217;, &#8220;O Verso&#8221; em seu primeiro e \u00fanico disco. Na \u00e9poca do lan\u00e7amento deste cd a cr\u00edtica foi super favor\u00e1vel, ainda mais porque o trio formado por Andr\u00e9 \u00c1guia (baixo, viol\u00f5es e voz), Paulo Eduardo (bateria) e Eduardo Tavares (guitarra e cordas) trazia para &#8220;Teto de sol&#8221; releituras de &#8220;Sentinela&#8221;, de Milton Nascimento e Fernando Brant e &#8220;Arrast\u00e3o&#8221; de Edu Lobo e Vin\u00edcius de Moraes. Essas duas m\u00fasicas chegaram a tocar em algumas r\u00e1dios da cidade, mas tamb\u00e9m a m\u00fasica &#8220;Vidra\u00e7a suja&#8221; ganhou destaque como trilha do programa V\u00eddeo Show, da Rede Globo. Em 1999 o grupo chegou a lan\u00e7ar um single, &#8220;Capa de madeira&#8221;, distribu\u00eddo tamb\u00e9m no Jap\u00e3o. &#8220;Teto de sol&#8221; foi produzido pelo m\u00fasico mineiro Alexandre Lopes e contou com a mixagem de Marcelo Sussekind. Infelizmente, a banda n\u00e3o acabou se desfazendo logo em seguida.\u00a0<\/div>\n<div class=\"separator\">\u00a0<\/div>\n<div class=\"separator\">a feira<\/div>\n<div class=\"separator\">a tempestade e o l\u00edrio<\/div>\n<div class=\"separator\">amor s\u00f3<\/div>\n<div class=\"separator\">a flor do sert\u00e3o<\/div>\n<div class=\"separator\">tema de jo\u00e3ozinho<\/div>\n<div class=\"separator\">arrast\u00e3o<\/div>\n<div class=\"separator\">maria<\/div>\n<div class=\"separator\">tendo de sol<\/div>\n<div class=\"separator\">sentinela<\/div>\n<div class=\"separator\">vidra\u00e7a suja<\/div>\n<div class=\"separator\">\u00a0<\/div>\n<div class=\"separator\">.<\/div>","protected":false},"excerpt":{"rendered":"<p>Boa noite a todos, amigos cultos e ocultos! Aqui estamos nessa introdu\u00e7\u00e3o repetitiva, mas a cada dia com um disco diferente. Nosso encontro hoje \u00e9 com a banda mineira, de &#8216;Belorizonte&#8217;, &#8220;O Verso&#8221; em seu primeiro e \u00fanico disco. Na &hellip; <a href=\"https:\/\/www.toque-musicall.com\/?p=8279\">Continue lendo <span class=\"meta-nav\">&rarr;<\/span><\/a><\/p>\n","protected":false},"author":1,"featured_media":0,"comment_status":"closed","ping_status":"closed","sticky":false,"template":"","format":"standard","meta":{"footnotes":""},"categories":[2659,4315],"tags":[3208,4316],"class_list":["post-8279","post","type-post","status-publish","format-standard","hentry","category-cds","category-o-verso","tag-cds","tag-o-verso"],"_links":{"self":[{"href":"https:\/\/www.toque-musicall.com\/index.php?rest_route=\/wp\/v2\/posts\/8279","targetHints":{"allow":["GET"]}}],"collection":[{"href":"https:\/\/www.toque-musicall.com\/index.php?rest_route=\/wp\/v2\/posts"}],"about":[{"href":"https:\/\/www.toque-musicall.com\/index.php?rest_route=\/wp\/v2\/types\/post"}],"author":[{"embeddable":true,"href":"https:\/\/www.toque-musicall.com\/index.php?rest_route=\/wp\/v2\/users\/1"}],"replies":[{"embeddable":true,"href":"https:\/\/www.toque-musicall.com\/index.php?rest_route=%2Fwp%2Fv2%2Fcomments&post=8279"}],"version-history":[{"count":1,"href":"https:\/\/www.toque-musicall.com\/index.php?rest_route=\/wp\/v2\/posts\/8279\/revisions"}],"predecessor-version":[{"id":8280,"href":"https:\/\/www.toque-musicall.com\/index.php?rest_route=\/wp\/v2\/posts\/8279\/revisions\/8280"}],"wp:attachment":[{"href":"https:\/\/www.toque-musicall.com\/index.php?rest_route=%2Fwp%2Fv2%2Fmedia&parent=8279"}],"wp:term":[{"taxonomy":"category","embeddable":true,"href":"https:\/\/www.toque-musicall.com\/index.php?rest_route=%2Fwp%2Fv2%2Fcategories&post=8279"},{"taxonomy":"post_tag","embeddable":true,"href":"https:\/\/www.toque-musicall.com\/index.php?rest_route=%2Fwp%2Fv2%2Ftags&post=8279"}],"curies":[{"name":"wp","href":"https:\/\/api.w.org\/{rel}","templated":true}]}}