{"id":828,"date":"2010-06-01T21:33:00","date_gmt":"2010-06-01T21:33:00","guid":{"rendered":"http:\/\/www.toque-musicall.com\/?p=828"},"modified":"2010-06-01T21:33:00","modified_gmt":"2010-06-01T21:33:00","slug":"ary-lobo-ultimo-pau-de-arara-1958","status":"publish","type":"post","link":"https:\/\/www.toque-musicall.com\/?p=828","title":{"rendered":"Ary Lobo &#8211; \u00daltimo Pau de Arara (1958)"},"content":{"rendered":"<p><a href=\"http:\/\/2.bp.blogspot.com\/_DSKVEvHtskc\/TAV-FEAeOSI\/AAAAAAAAGnE\/Z9bRAWxqymU\/s1600\/ary+lobo+P.JPG\"><img decoding=\"async\" style=\"TEXT-ALIGN: center; MARGIN: 0px auto 10px; WIDTH: 400px; DISPLAY: block; HEIGHT: 386px; CURSOR: hand\" id=\"BLOGGER_PHOTO_ID_5477923147206244642\" border=\"0\" alt=\"\" src=\"http:\/\/2.bp.blogspot.com\/_DSKVEvHtskc\/TAV-FEAeOSI\/AAAAAAAAGnE\/Z9bRAWxqymU\/s400\/ary+lobo+P.JPG\" \/><\/a> Ol\u00e1s! Hoje eu me atrasei. O dia foi doce, mas duro que nem rapadura. Por sorte, no final, surgiu o amendoim torrado. Vou logo fazer um p\u00e9 de moleque, deixe estar&#8230; Mas antes que o dia acabe, aqui vai nossa postagem. Dedico este disco aos amigos paraenses, em especial \u00e0 amiga Dani que h\u00e1 tempos tem andado sumida, suponho ser devido ao mestrado (n\u00e9, dona? manda v\u00ea&#8230;). Foi pensando em voc\u00eas que decidi postar um artista da terra, um nortista que saiu de Bel\u00e9m para fazer sucesso no Rio e em todo o Brasil. Ary Lobo j\u00e1 era cantor em sua terra, mas foi no Rio de Janeiro que sua carreira deslanchou. Gravou se primeiro disco em 1956, uma bolacha de 78 rpm, com as m\u00fasicas &#8220;Atchim&#8221;, de Pires Cavalcanti e Renda D\u00e1, de Gand\u00e9 e Walfrido Silva. O disco agradou \u00e0 muita gente, inclusive ao humorista Chico Anisio, que usando de sua influ\u00eancia, conseguiu colocar Ary como cantor contratado na R\u00e1dio Mayrink Veiga. Sua popularidade foi crescendo e em 58 ele gravaria este que foi o seu primeiro lp. Como um primeiro \u00e1lbum de uma artista nortista, nada melhor que um repert\u00f3rio recheado de ritmos e melodias da regi\u00e3o. Tem c\u00f4cos, roj\u00f5es, samba, batuque e um bai\u00e3o, o &#8220;\u00daltimo Pau de Arara&#8221;. Disquinho da hora, podem acreditar!<\/p>\n<div align=\"center\">\u00faltimo pau de arara<\/div>\n<div align=\"center\">que choro \u00e9 esse<\/div>\n<div align=\"center\">forr\u00f3 de pianc\u00f3<\/div>\n<div align=\"center\">dona concei\u00e7\u00e3o<\/div>\n<div align=\"center\">o vendedor de caranguejo<\/div>\n<div align=\"center\">tum tum tum<\/div>\n<div align=\"center\">renda d\u00e1<\/div>\n<div align=\"center\">visite o terreiro<\/div>\n<div align=\"center\"> <\/div>\n<div align=\"center\"> <\/div>\n","protected":false},"excerpt":{"rendered":"<p>Ol\u00e1s! Hoje eu me atrasei. O dia foi doce, mas duro que nem rapadura. Por sorte, no final, surgiu o amendoim torrado. Vou logo fazer um p\u00e9 de moleque, deixe estar&#8230; Mas antes que o dia acabe, aqui vai nossa &hellip; <a href=\"https:\/\/www.toque-musicall.com\/?p=828\">Continue lendo <span class=\"meta-nav\">&rarr;<\/span><\/a><\/p>\n","protected":false},"author":1,"featured_media":0,"comment_status":"open","ping_status":"closed","sticky":false,"template":"","format":"standard","meta":{"footnotes":""},"categories":[1135],"tags":[],"class_list":["post-828","post","type-post","status-publish","format-standard","hentry","category-ary-lobo"],"_links":{"self":[{"href":"https:\/\/www.toque-musicall.com\/index.php?rest_route=\/wp\/v2\/posts\/828","targetHints":{"allow":["GET"]}}],"collection":[{"href":"https:\/\/www.toque-musicall.com\/index.php?rest_route=\/wp\/v2\/posts"}],"about":[{"href":"https:\/\/www.toque-musicall.com\/index.php?rest_route=\/wp\/v2\/types\/post"}],"author":[{"embeddable":true,"href":"https:\/\/www.toque-musicall.com\/index.php?rest_route=\/wp\/v2\/users\/1"}],"replies":[{"embeddable":true,"href":"https:\/\/www.toque-musicall.com\/index.php?rest_route=%2Fwp%2Fv2%2Fcomments&post=828"}],"version-history":[{"count":0,"href":"https:\/\/www.toque-musicall.com\/index.php?rest_route=\/wp\/v2\/posts\/828\/revisions"}],"wp:attachment":[{"href":"https:\/\/www.toque-musicall.com\/index.php?rest_route=%2Fwp%2Fv2%2Fmedia&parent=828"}],"wp:term":[{"taxonomy":"category","embeddable":true,"href":"https:\/\/www.toque-musicall.com\/index.php?rest_route=%2Fwp%2Fv2%2Fcategories&post=828"},{"taxonomy":"post_tag","embeddable":true,"href":"https:\/\/www.toque-musicall.com\/index.php?rest_route=%2Fwp%2Fv2%2Ftags&post=828"}],"curies":[{"name":"wp","href":"https:\/\/api.w.org\/{rel}","templated":true}]}}