{"id":8281,"date":"2021-02-20T01:49:00","date_gmt":"2021-02-20T03:49:00","guid":{"rendered":"http:\/\/www.toque-musicall.com\/?p=8281"},"modified":"2021-02-25T08:54:05","modified_gmt":"2021-02-25T11:54:05","slug":"macapa-recortes-poeticos-2002","status":"publish","type":"post","link":"https:\/\/www.toque-musicall.com\/?p=8281","title":{"rendered":"Macap\u00e1, Recortes Po\u00e9ticos (2002)"},"content":{"rendered":"\n<figure class=\"wp-block-image size-large\"><img decoding=\"async\" src=\"https:\/\/1.bp.blogspot.com\/-GT1bHjRlWsc\/YDLkNMJP39I\/AAAAAAAATSw\/Jmo6V-Nwv-8VzS1X57eBXGkxa7SQbxwjACLcBGAsYHQ\/w636-h640\/Anota%25C3%25A7%25C3%25A3o%2B2021-02-21%2B194438.jpg\" alt=\"\"\/><\/figure>\n\n\n\n<figure class=\"wp-block-image size-large\"><img decoding=\"async\" src=\"https:\/\/1.bp.blogspot.com\/-U7KVRbEIt60\/YDLkNGRtviI\/AAAAAAAATS0\/bvKqfrrvW4APkIl6l0IbGJtdeiOZBJ7yACLcBGAsYHQ\/w640-h552\/Anota%25C3%25A7%25C3%25A3o%2B2021-02-21%2B194525.jpg\" alt=\"\"\/><\/figure>\n\n\n<div class=\"separator\">Boa noite, meus caros amigos cultos e ocultos! Em nossas postagens j\u00e1 falamos de v\u00e1rios cantos do Brasil, por\u00e9m eu n\u00e3o me recordo de nada publicado aqui falando do Amap\u00e1. Eis agora a nossa oportunidade de mostrar um pouco dos artistas e da m\u00fasica desta regi\u00e3o. Temos aqui uma colet\u00e2nea de obras musicais sobre a cidade de Macap\u00e1, selecionadas no Projeto &#8220;Edi\u00e7\u00f5es Macapenses&#8221;. O cd foi produzido pela Confraria Tucuju, uma associa\u00e7\u00e3o cultural da cidade e lan\u00e7ado em 2002 ano em que Macap\u00e1 completou 244 anos. &#8220;Macap\u00e1, Recortes Po\u00e9ticos&#8221; \u00e9 um disco &#8216;contendo a poesia musicada e interpretada por diversos artistas macapaenses&#8217;. Uma sele\u00e7\u00e3o com vinte m\u00fasicas que falam da cidade, capital do Amap\u00e1. Disquinho bem bacana, mais um que n\u00e3o poderia faltar por aqui. Confiram no GTM&#8230;<\/div>\n<div class=\"separator\">\u00a0<\/div>\n<div class=\"separator\">canto de amor a cidade s\u00e3o jos\u00e9 de macap\u00e1\u00a0<\/div>\n<div class=\"separator\">cora\u00e7\u00e3o tropical<\/div>\n<div class=\"separator\">pequena can\u00e7\u00e3o da terra<\/div>\n<div class=\"separator\">pedra do rio\u00a0<\/div>\n<div class=\"separator\">minha cidade<\/div>\n<div class=\"separator\">morena macap\u00e1\u00a0<\/div>\n<div class=\"separator\">quero ver macap\u00e1\u00a0<\/div>\n<div class=\"separator\">andaluzia\u00a0<\/div>\n<div class=\"separator\">ra\u00edzes macap\u00e1\u00a0<\/div>\n<div class=\"separator\">marabaixo<\/div>\n<div class=\"separator\">can\u00e7\u00e3o do equador<\/div>\n<div class=\"separator\">meu santo<\/div>\n<div class=\"separator\">doce namorada<\/div>\n<div class=\"separator\">igarap\u00e9 das mulheres<\/div>\n<div class=\"separator\">macap\u00e1 love<\/div>\n<div class=\"separator\">formigueiro<\/div>\n<div class=\"separator\">sele\u00e7\u00e3o de marabaixo<\/div>\n<div class=\"separator\">boa noite macap\u00e1<\/div>\n<div class=\"separator\">dentre todas as capitais<\/div>\n<div class=\"separator\">macap\u00e1 meu amor<\/div>\n<div class=\"separator\">\u00a0<\/div>\n<div class=\"separator\">\u00a0<\/div>\n<div class=\"separator\">.<\/div>\n<div class=\"separator\">\u00a0<\/div>","protected":false},"excerpt":{"rendered":"<p>Boa noite, meus caros amigos cultos e ocultos! Em nossas postagens j\u00e1 falamos de v\u00e1rios cantos do Brasil, por\u00e9m eu n\u00e3o me recordo de nada publicado aqui falando do Amap\u00e1. Eis agora a nossa oportunidade de mostrar um pouco dos &hellip; <a href=\"https:\/\/www.toque-musicall.com\/?p=8281\">Continue lendo <span class=\"meta-nav\">&rarr;<\/span><\/a><\/p>\n","protected":false},"author":1,"featured_media":0,"comment_status":"closed","ping_status":"closed","sticky":false,"template":"","format":"standard","meta":{"footnotes":""},"categories":[2659,4317],"tags":[3208,4319],"class_list":["post-8281","post","type-post","status-publish","format-standard","hentry","category-cds","category-macapa-recortes-poeticos","tag-cds","tag-macapa-recortes-poeticos"],"_links":{"self":[{"href":"https:\/\/www.toque-musicall.com\/index.php?rest_route=\/wp\/v2\/posts\/8281","targetHints":{"allow":["GET"]}}],"collection":[{"href":"https:\/\/www.toque-musicall.com\/index.php?rest_route=\/wp\/v2\/posts"}],"about":[{"href":"https:\/\/www.toque-musicall.com\/index.php?rest_route=\/wp\/v2\/types\/post"}],"author":[{"embeddable":true,"href":"https:\/\/www.toque-musicall.com\/index.php?rest_route=\/wp\/v2\/users\/1"}],"replies":[{"embeddable":true,"href":"https:\/\/www.toque-musicall.com\/index.php?rest_route=%2Fwp%2Fv2%2Fcomments&post=8281"}],"version-history":[{"count":1,"href":"https:\/\/www.toque-musicall.com\/index.php?rest_route=\/wp\/v2\/posts\/8281\/revisions"}],"predecessor-version":[{"id":8282,"href":"https:\/\/www.toque-musicall.com\/index.php?rest_route=\/wp\/v2\/posts\/8281\/revisions\/8282"}],"wp:attachment":[{"href":"https:\/\/www.toque-musicall.com\/index.php?rest_route=%2Fwp%2Fv2%2Fmedia&parent=8281"}],"wp:term":[{"taxonomy":"category","embeddable":true,"href":"https:\/\/www.toque-musicall.com\/index.php?rest_route=%2Fwp%2Fv2%2Fcategories&post=8281"},{"taxonomy":"post_tag","embeddable":true,"href":"https:\/\/www.toque-musicall.com\/index.php?rest_route=%2Fwp%2Fv2%2Ftags&post=8281"}],"curies":[{"name":"wp","href":"https:\/\/api.w.org\/{rel}","templated":true}]}}