{"id":8290,"date":"2021-02-24T10:40:00","date_gmt":"2021-02-24T13:40:00","guid":{"rendered":"http:\/\/www.toque-musicall.com\/?p=8290"},"modified":"2021-03-01T09:20:13","modified_gmt":"2021-03-01T12:20:13","slug":"roberto-carlos-e-caetano-veloso-e-a-musica-de-tom-jobim-2008","status":"publish","type":"post","link":"https:\/\/www.toque-musicall.com\/?p=8290","title":{"rendered":"Roberto Carlos E Caetano Veloso &#8211; E A M\u00fasica De Tom Jobim (2008)"},"content":{"rendered":"\n<figure class=\"wp-block-image size-large\"><img decoding=\"async\" src=\"https:\/\/1.bp.blogspot.com\/-Vr6AAnqLGl0\/YDeZ_u09OII\/AAAAAAAATU0\/ldBgYOlSq9Ikh-4dqNoEHYE2uP3hpGn4ACLcBGAsYHQ\/w640-h570\/Anota%25C3%25A7%25C3%25A3o%2B2021-02-25%2B093429.jpg\" alt=\"\"\/><\/figure>\n\n\n\n<figure class=\"wp-block-image size-large\"><img decoding=\"async\" src=\"https:\/\/1.bp.blogspot.com\/-wqVVEDgw2DA\/YDeZ_pBNMhI\/AAAAAAAATU4\/5kw8vZRdhhQMMfPOTruVJrFUwyNt-4fhQCLcBGAsYHQ\/w640-h574\/Anota%25C3%25A7%25C3%25A3o%2B2021-02-25%2B093534.jpg\" alt=\"\"\/><\/figure>\n\n\n<div class=\"separator\">Ol\u00e1, amigos cultos e ocultos! Fiquei meio na d\u00favida se deveria ou n\u00e3o postar este cd. Por\u00e9m, duas coisas me levou a public\u00e1-lo aqui no Toque Musical, primeiro \u00e9 que estamos num m\u00eas dedicado exclusivamente aos cds e este disquinho, que eu saiba, s\u00f3 saiu no digital e t\u00ea-lo em nossas listas \u00e9, sem d\u00favida, muito importante. Segundo, porque se trata de dois gigantes da nossa m\u00fasica popular e tamb\u00e9m um terceiro que \u00e9 o artista homenageado, o grande Tom Jobim. Vejam s\u00f3 que maravilha, um encontro memor\u00e1vel em disco, com Caetano Veloso e Roberto Carlos. Um \u00e1lbum gravado ao vivo, no Audit\u00f3rio do Ibirapuera. Disco lan\u00e7ado pela Sony Music em 2008. N\u00e3o d\u00e1 para perder essa maravilha&#8230;<\/div>\n<div class=\"separator\">\u00a0<\/div>\n<div class=\"separator\">garota de ipanema<\/div>\n<div class=\"separator\">wave<\/div>\n<div class=\"separator\">\u00e1guas de mar\u00e7o<\/div>\n<div class=\"separator\">por toda a minha vida<\/div>\n<div class=\"separator\">ela \u00e9 carioca<\/div>\n<div class=\"separator\">in\u00fatil paisagem<\/div>\n<div class=\"separator\">medita\u00e7\u00e3o<\/div>\n<div class=\"separator\">o que tinha de ser<\/div>\n<div class=\"separator\">insensatez<\/div>\n<div class=\"separator\">por causa de voc\u00ea<\/div>\n<div class=\"separator\">l\u00edgia<\/div>\n<div class=\"separator\">corcovado<\/div>\n<div class=\"separator\">samba do avi\u00e3o<\/div>\n<div class=\"separator\">eu sei qeue vou te amar &#8211; soneto da fidelidade<\/div>\n<div class=\"separator\">tereza da praia<\/div>\n<div class=\"separator\">chega de saudade<\/div>\n<div class=\"separator\">\u00a0<\/div>\n<div class=\"separator\">\u00a0<\/div>\n<div class=\"separator\">.<\/div>","protected":false},"excerpt":{"rendered":"<p>Ol\u00e1, amigos cultos e ocultos! Fiquei meio na d\u00favida se deveria ou n\u00e3o postar este cd. Por\u00e9m, duas coisas me levou a public\u00e1-lo aqui no Toque Musical, primeiro \u00e9 que estamos num m\u00eas dedicado exclusivamente aos cds e este disquinho, &hellip; <a href=\"https:\/\/www.toque-musicall.com\/?p=8290\">Continue lendo <span class=\"meta-nav\">&rarr;<\/span><\/a><\/p>\n","protected":false},"author":1,"featured_media":0,"comment_status":"closed","ping_status":"closed","sticky":false,"template":"","format":"standard","meta":{"footnotes":""},"categories":[136,2659,766,4325],"tags":[3265,3208,4326],"class_list":["post-8290","post","type-post","status-publish","format-standard","hentry","category-caetano-veloso","category-cds","category-roberto-carlos","category-selo-sony-music","tag-caetano-veloso","tag-cds","tag-selo-sony-music"],"_links":{"self":[{"href":"https:\/\/www.toque-musicall.com\/index.php?rest_route=\/wp\/v2\/posts\/8290","targetHints":{"allow":["GET"]}}],"collection":[{"href":"https:\/\/www.toque-musicall.com\/index.php?rest_route=\/wp\/v2\/posts"}],"about":[{"href":"https:\/\/www.toque-musicall.com\/index.php?rest_route=\/wp\/v2\/types\/post"}],"author":[{"embeddable":true,"href":"https:\/\/www.toque-musicall.com\/index.php?rest_route=\/wp\/v2\/users\/1"}],"replies":[{"embeddable":true,"href":"https:\/\/www.toque-musicall.com\/index.php?rest_route=%2Fwp%2Fv2%2Fcomments&post=8290"}],"version-history":[{"count":1,"href":"https:\/\/www.toque-musicall.com\/index.php?rest_route=\/wp\/v2\/posts\/8290\/revisions"}],"predecessor-version":[{"id":8291,"href":"https:\/\/www.toque-musicall.com\/index.php?rest_route=\/wp\/v2\/posts\/8290\/revisions\/8291"}],"wp:attachment":[{"href":"https:\/\/www.toque-musicall.com\/index.php?rest_route=%2Fwp%2Fv2%2Fmedia&parent=8290"}],"wp:term":[{"taxonomy":"category","embeddable":true,"href":"https:\/\/www.toque-musicall.com\/index.php?rest_route=%2Fwp%2Fv2%2Fcategories&post=8290"},{"taxonomy":"post_tag","embeddable":true,"href":"https:\/\/www.toque-musicall.com\/index.php?rest_route=%2Fwp%2Fv2%2Ftags&post=8290"}],"curies":[{"name":"wp","href":"https:\/\/api.w.org\/{rel}","templated":true}]}}