{"id":8298,"date":"2021-02-27T09:17:00","date_gmt":"2021-02-27T12:17:00","guid":{"rendered":"http:\/\/www.toque-musicall.com\/?p=8298"},"modified":"2021-03-01T09:20:53","modified_gmt":"2021-03-01T12:20:53","slug":"carlos-farias-tupinikim-2000","status":"publish","type":"post","link":"https:\/\/www.toque-musicall.com\/?p=8298","title":{"rendered":"Carlos Farias &#8211; Tupinikim (2000)"},"content":{"rendered":"\n<figure class=\"wp-block-image size-large\"><img decoding=\"async\" src=\"https:\/\/1.bp.blogspot.com\/-j7olYM9PVEY\/YDwvXdebI1I\/AAAAAAAATVo\/jFqBVCBA-q8tophfAfmA85yYpbC1JeJWwCLcBGAsYHQ\/w640-h634\/Anota%25C3%25A7%25C3%25A3o%2B2021-02-28%2B195354.jpg\" alt=\"\"\/><\/figure>\n\n\n\n<figure class=\"wp-block-image size-large\"><img decoding=\"async\" src=\"https:\/\/1.bp.blogspot.com\/-1T9u8TH67-o\/YDwvXarvm1I\/AAAAAAAATVk\/cAB7Jj-hx-AUkkNhkKB-_kmJyzIEXlttQCLcBGAsYHQ\/w640-h544\/Anota%25C3%25A7%25C3%25A3o%2B2021-02-28%2B195440.jpg\" alt=\"\"\/><\/figure>\n\n\n<div class=\"separator\">Ol\u00e1, amigos cultos e ocultos! Para essa mostra no m\u00eas de fevereiro, eu havia separado uma por\u00e7\u00e3o de cd&#8217;s e nem me dei conta de que este m\u00eas s\u00e3o apenas 28 dias. E mesmo que fossem trinta, ainda assim, faltou dias para tantos disquinhos. Mas como o nosso barato \u00e9 antes de tudo o vinil, vamos deixar os cds para um pr\u00f3ximo momento, ou em edi\u00e7\u00e3o extraordin\u00e1ria, vez por outra pinga um aqui \ud83d\ude42<\/div>\n<div class=\"separator\">Bom, aqui temos o cantor e compositor mineiro, nascido na cidade de Machacalis, Carlos Faria. Como define bem seu parceiro e poeta, Gonzaga Medeiros, Faria \u00e9 um aut\u00eantico representante da tradi\u00e7\u00e3o musical dos \u00edndios maxakali, cuja aldeia fica ao lado da cidade. Carlos Faria cresceu em contato com esse universo tribal ind\u00edgena e muito deste disco \u00e9 resultado dessa sua heran\u00e7a sonora musical. Neste disco ele mescla um pouco disso com versos que falam de temas contempor\u00e2neos e universais como direitos humanos, cidadania, meio ambiente, amor e paix\u00e3o. H\u00e1 tamb\u00e9m uma vers\u00e3o para &#8220;Galos, Noite e Quintais&#8221;, de Belchior. Para este trabalho ele conta com a presen\u00e7a de um bom time de m\u00fasicos, com destaque tamb\u00e9m para as participa\u00e7\u00f5es especiais de Chico Lobo e Maur\u00edcio Tizumba. Um belo disco que merece o nosso toque musical. Confiram no GTM&#8230;\u00a0<\/div>\n<div class=\"separator\">\u00a0<\/div>\n<div class=\"separator\">m\u00e3o de nego<\/div>\n<div class=\"separator\">galos, noites e quintais<\/div>\n<div class=\"separator\">tupiniquim<\/div>\n<div class=\"separator\">cidadania<\/div>\n<div class=\"separator\">verde em concreto<\/div>\n<div class=\"separator\">a alma da m\u00e3o<\/div>\n<div class=\"separator\">samba do brasil<\/div>\n<div class=\"separator\">vampira<\/div>\n<div class=\"separator\">anima cora\u00e7\u00e3o<\/div>\n<div class=\"separator\">batukim brasileiro<\/div>\n<div class=\"separator\">rosa de val\u00e3o<\/div>\n<div class=\"separator\">xambalua<\/div>\n<div class=\"separator\">\u00a0<\/div>\n<div class=\"separator\">\u00a0<\/div>\n<div class=\"separator\">.<\/div>","protected":false},"excerpt":{"rendered":"<p>Ol\u00e1, amigos cultos e ocultos! Para essa mostra no m\u00eas de fevereiro, eu havia separado uma por\u00e7\u00e3o de cd&#8217;s e nem me dei conta de que este m\u00eas s\u00e3o apenas 28 dias. E mesmo que fossem trinta, ainda assim, faltou &hellip; <a href=\"https:\/\/www.toque-musicall.com\/?p=8298\">Continue lendo <span class=\"meta-nav\">&rarr;<\/span><\/a><\/p>\n","protected":false},"author":1,"featured_media":0,"comment_status":"closed","ping_status":"closed","sticky":false,"template":"","format":"standard","meta":{"footnotes":""},"categories":[4329,2659],"tags":[4330,3208],"class_list":["post-8298","post","type-post","status-publish","format-standard","hentry","category-carlos-farias","category-cds","tag-carlos-farias","tag-cds"],"_links":{"self":[{"href":"https:\/\/www.toque-musicall.com\/index.php?rest_route=\/wp\/v2\/posts\/8298","targetHints":{"allow":["GET"]}}],"collection":[{"href":"https:\/\/www.toque-musicall.com\/index.php?rest_route=\/wp\/v2\/posts"}],"about":[{"href":"https:\/\/www.toque-musicall.com\/index.php?rest_route=\/wp\/v2\/types\/post"}],"author":[{"embeddable":true,"href":"https:\/\/www.toque-musicall.com\/index.php?rest_route=\/wp\/v2\/users\/1"}],"replies":[{"embeddable":true,"href":"https:\/\/www.toque-musicall.com\/index.php?rest_route=%2Fwp%2Fv2%2Fcomments&post=8298"}],"version-history":[{"count":1,"href":"https:\/\/www.toque-musicall.com\/index.php?rest_route=\/wp\/v2\/posts\/8298\/revisions"}],"predecessor-version":[{"id":8299,"href":"https:\/\/www.toque-musicall.com\/index.php?rest_route=\/wp\/v2\/posts\/8298\/revisions\/8299"}],"wp:attachment":[{"href":"https:\/\/www.toque-musicall.com\/index.php?rest_route=%2Fwp%2Fv2%2Fmedia&parent=8298"}],"wp:term":[{"taxonomy":"category","embeddable":true,"href":"https:\/\/www.toque-musicall.com\/index.php?rest_route=%2Fwp%2Fv2%2Fcategories&post=8298"},{"taxonomy":"post_tag","embeddable":true,"href":"https:\/\/www.toque-musicall.com\/index.php?rest_route=%2Fwp%2Fv2%2Ftags&post=8298"}],"curies":[{"name":"wp","href":"https:\/\/api.w.org\/{rel}","templated":true}]}}