{"id":8301,"date":"2021-02-28T13:10:00","date_gmt":"2021-02-28T16:10:00","guid":{"rendered":"http:\/\/www.toque-musicall.com\/?p=8301"},"modified":"2021-03-01T13:16:53","modified_gmt":"2021-03-01T16:16:53","slug":"chico-amaral-singular-2007","status":"publish","type":"post","link":"https:\/\/www.toque-musicall.com\/?p=8301","title":{"rendered":"Chico Amaral &#8211; Singular (2007)"},"content":{"rendered":"\n<figure class=\"wp-block-image size-large\"><img decoding=\"async\" src=\"https:\/\/1.bp.blogspot.com\/-qbrrdOQSGoA\/YD0LhnZB5bI\/AAAAAAAATV4\/xj72D3f27nMR8syDbaMz4laLclHsCpwEgCLcBGAsYHQ\/w636-h640\/Anota%25C3%25A7%25C3%25A3o%2B2021-03-01%2B120110.jpg\" alt=\"\"\/><\/figure>\n\n\n\n<figure class=\"wp-block-image size-large\"><img decoding=\"async\" src=\"https:\/\/1.bp.blogspot.com\/-0U8PyvtxF64\/YD0LhoZvVgI\/AAAAAAAATV0\/KhUn8tFsVMEfOapZg9e0_N5enVeTd4PwgCLcBGAsYHQ\/w640-h568\/Anota%25C3%25A7%25C3%25A3o%2B2021-03-01%2B120226.jpg\" alt=\"\"\/><\/figure>\n\n\n<div class=\"separator\">Bom dia, meus car\u00edssimos amigos cultos e ocultos! \u00c9&#8230; ent\u00e3o fechamos aqui nossa mostra fonogr\u00e1fica em cds. E para tanto, escolhi um disco\/artista que merece mais que nunca estar em nossa lista. Temos aqui o grande instrumentista e compositor mineiro, Chico Amaral. Saxofonista, letrista que faz parte do grupo dos grandes artistas da m\u00fasica, aqui de Belo Horizonte. Para quem n\u00e3o sabe, Chico Amaral \u00e9 o respons\u00e1vel por muitos dos sucessos da banda , tamb\u00e9m mineira, Skank. Muitas das can\u00e7\u00f5es de sucesso da banda s\u00e3o dele, em parceria com Samuel Rosa. Mas Chico n\u00e3o se limita ao pop, o cara \u00e9 mesmo singular e atua em todas as frentes da m\u00fasica, tendo muitos outros parceiros de peso como Milton Nascimento, L\u00f4 Borges, Ed Motta, Erasmo Carlos, Beto Guedes e outros&#8230; Come\u00e7ou a carreira nos anos 70 ao lado de ningu\u00e9m mais que Altamiro Carrilho e tamb\u00e9m Cartola, quando fez parte do grupo de choro Naquele Tempo.<\/div>\n<div class=\"separator\">Aqui temos dele o cd &#8220;Singular&#8221;, seu terceiro disco solo lan\u00e7ado em 2007. Albinho bacana com treze m\u00fasicas, todas autorais e quase todas instrumentais. Chico vem acompanhado de um time de feras e conta com as participa\u00e7\u00f5es especiais de Samuel Rosa, Leo Minax e Lelo Zanetti. Produ\u00e7\u00e3o musical de Robertinho Brant. Belo trabalho que voc\u00eas precisam conhecer. Confiram no GTM&#8230;<\/div>\n<div class=\"separator\">\u00a0<\/div>\n<div class=\"separator\">singular<\/div>\n<div class=\"separator\">sambage \u00e0 trois<\/div>\n<div class=\"separator\">sobe o ver\u00e3o<\/div>\n<div class=\"separator\">tempo de samba<\/div>\n<div class=\"separator\">maio<\/div>\n<div class=\"separator\">duas marias<\/div>\n<div class=\"separator\">panamericana<\/div>\n<div class=\"separator\">tateando<\/div>\n<div class=\"separator\">boca<\/div>\n<div class=\"separator\">borboleta<\/div>\n<div class=\"separator\">balancim<\/div>\n<div class=\"separator\">lobo<\/div>\n<div class=\"separator\">bodas<\/div>\n<div class=\"separator\">\u00a0<\/div>\n<div class=\"separator\">\u00a0<\/div>\n<div class=\"separator\">.<\/div>","protected":false},"excerpt":{"rendered":"<p>Bom dia, meus car\u00edssimos amigos cultos e ocultos! \u00c9&#8230; ent\u00e3o fechamos aqui nossa mostra fonogr\u00e1fica em cds. E para tanto, escolhi um disco\/artista que merece mais que nunca estar em nossa lista. Temos aqui o grande instrumentista e compositor mineiro, &hellip; <a href=\"https:\/\/www.toque-musicall.com\/?p=8301\">Continue lendo <span class=\"meta-nav\">&rarr;<\/span><\/a><\/p>\n","protected":false},"author":1,"featured_media":0,"comment_status":"closed","ping_status":"closed","sticky":false,"template":"","format":"standard","meta":{"footnotes":""},"categories":[2659,4331,1],"tags":[3208,4332],"class_list":["post-8301","post","type-post","status-publish","format-standard","hentry","category-cds","category-chico-amaral","category-sem-categoria","tag-cds","tag-chico-amaral"],"_links":{"self":[{"href":"https:\/\/www.toque-musicall.com\/index.php?rest_route=\/wp\/v2\/posts\/8301","targetHints":{"allow":["GET"]}}],"collection":[{"href":"https:\/\/www.toque-musicall.com\/index.php?rest_route=\/wp\/v2\/posts"}],"about":[{"href":"https:\/\/www.toque-musicall.com\/index.php?rest_route=\/wp\/v2\/types\/post"}],"author":[{"embeddable":true,"href":"https:\/\/www.toque-musicall.com\/index.php?rest_route=\/wp\/v2\/users\/1"}],"replies":[{"embeddable":true,"href":"https:\/\/www.toque-musicall.com\/index.php?rest_route=%2Fwp%2Fv2%2Fcomments&post=8301"}],"version-history":[{"count":3,"href":"https:\/\/www.toque-musicall.com\/index.php?rest_route=\/wp\/v2\/posts\/8301\/revisions"}],"predecessor-version":[{"id":8304,"href":"https:\/\/www.toque-musicall.com\/index.php?rest_route=\/wp\/v2\/posts\/8301\/revisions\/8304"}],"wp:attachment":[{"href":"https:\/\/www.toque-musicall.com\/index.php?rest_route=%2Fwp%2Fv2%2Fmedia&parent=8301"}],"wp:term":[{"taxonomy":"category","embeddable":true,"href":"https:\/\/www.toque-musicall.com\/index.php?rest_route=%2Fwp%2Fv2%2Fcategories&post=8301"},{"taxonomy":"post_tag","embeddable":true,"href":"https:\/\/www.toque-musicall.com\/index.php?rest_route=%2Fwp%2Fv2%2Ftags&post=8301"}],"curies":[{"name":"wp","href":"https:\/\/api.w.org\/{rel}","templated":true}]}}