{"id":8305,"date":"2021-03-01T21:55:00","date_gmt":"2021-03-02T00:55:00","guid":{"rendered":"http:\/\/www.toque-musicall.com\/?p=8305"},"modified":"2021-03-05T21:58:29","modified_gmt":"2021-03-06T00:58:29","slug":"almir-saint-clair-1967","status":"publish","type":"post","link":"https:\/\/www.toque-musicall.com\/?p=8305","title":{"rendered":"Almir Saint-Clair (1967)"},"content":{"rendered":"\n<figure class=\"wp-block-image size-large\"><img decoding=\"async\" src=\"https:\/\/1.bp.blogspot.com\/-BIzPUo1qE8A\/YEKl_mQwdyI\/AAAAAAAATWQ\/aUSHDeuMJLopBgtjt1uOETcQFLII_vpYQCLcBGAsYHQ\/w640-h632\/Anota%25C3%25A7%25C3%25A3o%2B2021-03-02%2B103821.jpg\" alt=\"\"\/><\/figure>\n\n\n\n<figure class=\"wp-block-image size-large\"><img decoding=\"async\" src=\"https:\/\/1.bp.blogspot.com\/-f69cn8Ji9aQ\/YEKl_fNURZI\/AAAAAAAATWM\/j6eWNsVGalkKl1HUPa7m5TTVFo5E-hX-ACLcBGAsYHQ\/w640-h628\/Anota%25C3%25A7%25C3%25A3o%2B2021-03-02%2B103850.jpg\" alt=\"\"\/><\/figure>\n\n\n<div class=\"separator\">Boa noite, amigos cultos e ocultos! Entramos em mar\u00e7o e para tanto vamos fazer deste o m\u00eas dos compactos. Ao longo de todo o m\u00eas irei trazer um disquinho de 7 polegada diferente. J\u00e1 andei separando alguns e assim come\u00e7a a nossa mostra de compactos.<\/div>\n<div class=\"separator\">Come\u00e7amos com este compacto lan\u00e7ado pela RCA Victor, em 1976. Aqui temos o ator e cantor Almir Siqueira, que neste disquinho de estreia passa a se chamar &#8216;Almir Saint-Clair&#8217;. Ele gravou outros compactos pela Polydor e RCA Victor, mas este talvez tenha sido o de maior sucesso, quando ent\u00e3o interpretou as vers\u00f5es de dois temas do Festival de San Remo de 1967, as m\u00fasicas &#8220;Non Pensare a Me&#8221; e &#8220;Ciao Amore, Ciao). Almir Saint-Clair tamb\u00e9m trabalhou como ator no teatro e no cinema mas a partir dos anos 70 se tornou produtor cultural trabalhando com shows e espet\u00e1culos diversos. Nos anos 80 foi parar na Escola de Samba Imp\u00e9rio da Tijuca com puxador de samba, voltando anos depois a trabalhar com produ\u00e7\u00e3o. Em 2003 gravou um cd em homenagem a Noel Rosa.<\/div>\n<div class=\"separator\">\u00a0<\/div>\n<div class=\"separator\">n\u00e3o pense em mim<\/div>\n<div class=\"separator\">tchau amor, adeus<\/div>\n<div class=\"separator\">\u00a0<\/div>\n<div class=\"separator\">.<\/div>","protected":false},"excerpt":{"rendered":"<p>Boa noite, amigos cultos e ocultos! Entramos em mar\u00e7o e para tanto vamos fazer deste o m\u00eas dos compactos. Ao longo de todo o m\u00eas irei trazer um disquinho de 7 polegada diferente. J\u00e1 andei separando alguns e assim come\u00e7a &hellip; <a href=\"https:\/\/www.toque-musicall.com\/?p=8305\">Continue lendo <span class=\"meta-nav\">&rarr;<\/span><\/a><\/p>\n","protected":false},"author":1,"featured_media":0,"comment_status":"closed","ping_status":"closed","sticky":false,"template":"","format":"standard","meta":{"footnotes":""},"categories":[4333,93,70],"tags":[4334,3072,3061],"class_list":["post-8305","post","type-post","status-publish","format-standard","hentry","category-almir-saint-clair","category-compactos","category-selo-rca-victor","tag-almir-saint-clair","tag-compactos","tag-selo-rca-victor"],"_links":{"self":[{"href":"https:\/\/www.toque-musicall.com\/index.php?rest_route=\/wp\/v2\/posts\/8305","targetHints":{"allow":["GET"]}}],"collection":[{"href":"https:\/\/www.toque-musicall.com\/index.php?rest_route=\/wp\/v2\/posts"}],"about":[{"href":"https:\/\/www.toque-musicall.com\/index.php?rest_route=\/wp\/v2\/types\/post"}],"author":[{"embeddable":true,"href":"https:\/\/www.toque-musicall.com\/index.php?rest_route=\/wp\/v2\/users\/1"}],"replies":[{"embeddable":true,"href":"https:\/\/www.toque-musicall.com\/index.php?rest_route=%2Fwp%2Fv2%2Fcomments&post=8305"}],"version-history":[{"count":1,"href":"https:\/\/www.toque-musicall.com\/index.php?rest_route=\/wp\/v2\/posts\/8305\/revisions"}],"predecessor-version":[{"id":8306,"href":"https:\/\/www.toque-musicall.com\/index.php?rest_route=\/wp\/v2\/posts\/8305\/revisions\/8306"}],"wp:attachment":[{"href":"https:\/\/www.toque-musicall.com\/index.php?rest_route=%2Fwp%2Fv2%2Fmedia&parent=8305"}],"wp:term":[{"taxonomy":"category","embeddable":true,"href":"https:\/\/www.toque-musicall.com\/index.php?rest_route=%2Fwp%2Fv2%2Fcategories&post=8305"},{"taxonomy":"post_tag","embeddable":true,"href":"https:\/\/www.toque-musicall.com\/index.php?rest_route=%2Fwp%2Fv2%2Ftags&post=8305"}],"curies":[{"name":"wp","href":"https:\/\/api.w.org\/{rel}","templated":true}]}}