{"id":8307,"date":"2021-03-02T21:58:00","date_gmt":"2021-03-03T00:58:00","guid":{"rendered":"http:\/\/www.toque-musicall.com\/?p=8307"},"modified":"2021-03-05T22:02:11","modified_gmt":"2021-03-06T01:02:11","slug":"vinicius-de-moraes-compacto-197","status":"publish","type":"post","link":"https:\/\/www.toque-musicall.com\/?p=8307","title":{"rendered":"Vin\u00edcius De Moraes &#8211; Compacto (197&#8230;)"},"content":{"rendered":"\n<figure class=\"wp-block-image size-large\"><img decoding=\"async\" src=\"https:\/\/1.bp.blogspot.com\/-WLv4E0_OkeU\/YEKzM9_BJlI\/AAAAAAAATWg\/2ZZ-SIXX31E-YW2ojLa8GGNTnHhm9jSdACLcBGAsYHQ\/w640-h626\/Anota%25C3%25A7%25C3%25A3o%2B2021-03-05%2B193106.jpg\" alt=\"\"\/><\/figure>\n\n\n\n<figure class=\"wp-block-image size-large\"><img decoding=\"async\" src=\"https:\/\/1.bp.blogspot.com\/-4dNGUdOKaUs\/YEKzM8DrmbI\/AAAAAAAATWc\/p6mMTm3dkrAnqfoo_2jR0881GkA990ykACLcBGAsYHQ\/w640-h624\/Anota%25C3%25A7%25C3%25A3o%2B2021-03-05%2B193210.jpg\" alt=\"\"\/><\/figure>\n\n\n<div class=\"separator\">oa tarde a todos os meus amigos cultos e ocultos! Aqui vamos n\u00f3s oferecendo a todos um &#8216;deguste&#8217; para esta a s\u00e9rie de compactos, que teremos em mar\u00e7o. Hoje vamos com o velho e bom Vin\u00edcius de Moraes, em um compacto duplo, lan\u00e7ado em Portugal e Angola, no in\u00edcio dos anos 70. Nele, como podemos ver, temos quatro m\u00fasicas suas, em parceria com Toquinho e tamb\u00e9m o italiano S\u00e9rgio Endrigo. Nada de novo por aqui, mas essencial para nossa lista. Quem ainda n\u00e3o conhece, chega l\u00e1 no GTM&#8230;.<\/div>\n<div class=\"separator\">\u00a0<\/div>\n<div class=\"separator\">o pato pateta<\/div>\n<div class=\"separator\">valsa para uma menininha<\/div>\n<div class=\"separator\">a casa<\/div>\n<div class=\"separator\">o c\u00e9u \u00e9 meu ch\u00e3o<\/div>\n<div class=\"separator\">\u00a0<\/div>\n<div class=\"separator\">.<\/div>\n<div>\u00a0<\/div>\n\n\n<p><\/p>\n","protected":false},"excerpt":{"rendered":"<p>oa tarde a todos os meus amigos cultos e ocultos! Aqui vamos n\u00f3s oferecendo a todos um &#8216;deguste&#8217; para esta a s\u00e9rie de compactos, que teremos em mar\u00e7o. Hoje vamos com o velho e bom Vin\u00edcius de Moraes, em um &hellip; <a href=\"https:\/\/www.toque-musicall.com\/?p=8307\">Continue lendo <span class=\"meta-nav\">&rarr;<\/span><\/a><\/p>\n","protected":false},"author":1,"featured_media":0,"comment_status":"closed","ping_status":"closed","sticky":false,"template":"","format":"standard","meta":{"footnotes":""},"categories":[93,146,4335],"tags":[3072,3057,4336],"class_list":["post-8307","post","type-post","status-publish","format-standard","hentry","category-compactos","category-selo-polydor","category-vinicius-de-moraes-2","tag-compactos","tag-selo-polydor","tag-vinicius-de-moraes"],"_links":{"self":[{"href":"https:\/\/www.toque-musicall.com\/index.php?rest_route=\/wp\/v2\/posts\/8307","targetHints":{"allow":["GET"]}}],"collection":[{"href":"https:\/\/www.toque-musicall.com\/index.php?rest_route=\/wp\/v2\/posts"}],"about":[{"href":"https:\/\/www.toque-musicall.com\/index.php?rest_route=\/wp\/v2\/types\/post"}],"author":[{"embeddable":true,"href":"https:\/\/www.toque-musicall.com\/index.php?rest_route=\/wp\/v2\/users\/1"}],"replies":[{"embeddable":true,"href":"https:\/\/www.toque-musicall.com\/index.php?rest_route=%2Fwp%2Fv2%2Fcomments&post=8307"}],"version-history":[{"count":1,"href":"https:\/\/www.toque-musicall.com\/index.php?rest_route=\/wp\/v2\/posts\/8307\/revisions"}],"predecessor-version":[{"id":8308,"href":"https:\/\/www.toque-musicall.com\/index.php?rest_route=\/wp\/v2\/posts\/8307\/revisions\/8308"}],"wp:attachment":[{"href":"https:\/\/www.toque-musicall.com\/index.php?rest_route=%2Fwp%2Fv2%2Fmedia&parent=8307"}],"wp:term":[{"taxonomy":"category","embeddable":true,"href":"https:\/\/www.toque-musicall.com\/index.php?rest_route=%2Fwp%2Fv2%2Fcategories&post=8307"},{"taxonomy":"post_tag","embeddable":true,"href":"https:\/\/www.toque-musicall.com\/index.php?rest_route=%2Fwp%2Fv2%2Ftags&post=8307"}],"curies":[{"name":"wp","href":"https:\/\/api.w.org\/{rel}","templated":true}]}}