{"id":8309,"date":"2021-03-03T22:02:00","date_gmt":"2021-03-04T01:02:00","guid":{"rendered":"http:\/\/www.toque-musicall.com\/?p=8309"},"modified":"2021-03-05T22:05:15","modified_gmt":"2021-03-06T01:05:15","slug":"carequinha-compacto-45-rpm-1963","status":"publish","type":"post","link":"https:\/\/www.toque-musicall.com\/?p=8309","title":{"rendered":"Carequinha &#8211; Compacto 45 rpm (1963)"},"content":{"rendered":"\n<figure class=\"wp-block-image size-large\"><img decoding=\"async\" src=\"https:\/\/1.bp.blogspot.com\/-xD_ns_IiZc8\/YEK9eCJhb3I\/AAAAAAAATWs\/vvuTVIcCMEspdSzNpAmepzlV2QKAiwJdgCLcBGAsYHQ\/w640-h640\/Anota%25C3%25A7%25C3%25A3o%2B2021-03-05%2B201206.jpg\" alt=\"\"\/><\/figure>\n\n\n\n<figure class=\"wp-block-image size-large\"><img decoding=\"async\" src=\"https:\/\/1.bp.blogspot.com\/-APbFCET5upk\/YEK9ktpiALI\/AAAAAAAATWw\/TMTow5O2feU0EWiN44dfyWPzz_OHCcPUwCLcBGAsYHQ\/w632-h640\/Anota%25C3%25A7%25C3%25A3o%2B2021-03-05%2B201243.jpg\" alt=\"\"\/><\/figure>\n\n\n<div class=\"separator\">Ol\u00e1, amigos cultos e ocultos! Entre os muitos disquinhos de 7&#8243; que selecionei para nossa mostra est\u00e1 o inesquec\u00edvel Carequinha. Digo inesquec\u00edvel para aqueles como eu que foram crian\u00e7as no tempo desse palha\u00e7o. Eita, que eu sabia cantar tudo isso de cor e salteado. Com certeza muitos de voc\u00eas tamb\u00e9m, n\u00e3o \u00e9 mesmo? Ent\u00e3o, segue aqui um compacto, que se n\u00e3o me falha a mem\u00f3ria foi lan\u00e7ado em 1962, ou 63. Os compactos ainda nesta \u00e9poca eram de 45 rpm e traziam a op\u00e7\u00e3o furinho ou fur\u00e3o, o fur\u00e3o era adotado nos compactos importados. Aqui no Brasil, segundo contam e j\u00e1 contamos por aqui, os compactos passaram a ser de 33 rpm por conta do mineiro Pac\u00edfico Mascarenhas. Ao que contam, Pac\u00edfico conseguiu convencer o produtor fonogr\u00e1fico Harry Zuckerman a transformar o compacto de 45 rpm em 33. Assim a Companhia Industrial de Discos (CID) criou o primeiro compacto rodando em 33 rpm.<\/div>\n<div class=\"separator\">Mas, voltando ao Carequinha, temos aqui este compacto duplo (com duas m\u00fasicas de cada lado), trazendo grava\u00e7\u00f5es lan\u00e7adas originalmente em 1961, em discos de 78 rpm. Essas grava\u00e7\u00f5es tamb\u00e9m constaram nos lps que vieram a ser lan\u00e7ados ainda naquela d\u00e9cada.<\/div>\n<div class=\"separator\">\u00a0<\/div>\n<div class=\"separator\">rock do ratinho<\/div>\n<div class=\"separator\">escolinha do carequinha<\/div>\n<div class=\"separator\">can\u00e7\u00e3o da crian\u00e7a<\/div>\n<div class=\"separator\">can\u00e7\u00e3o da primeira comunh\u00e3o<\/div>\n<div class=\"separator\">\u00a0<\/div>\n<div class=\"separator\">\u00a0<\/div>\n<div class=\"separator\">.<\/div>","protected":false},"excerpt":{"rendered":"<p>Ol\u00e1, amigos cultos e ocultos! Entre os muitos disquinhos de 7&#8243; que selecionei para nossa mostra est\u00e1 o inesquec\u00edvel Carequinha. Digo inesquec\u00edvel para aqueles como eu que foram crian\u00e7as no tempo desse palha\u00e7o. Eita, que eu sabia cantar tudo isso &hellip; <a href=\"https:\/\/www.toque-musicall.com\/?p=8309\">Continue lendo <span class=\"meta-nav\">&rarr;<\/span><\/a><\/p>\n","protected":false},"author":1,"featured_media":0,"comment_status":"closed","ping_status":"closed","sticky":false,"template":"","format":"standard","meta":{"footnotes":""},"categories":[1058,93,152],"tags":[4150,3072,3108],"class_list":["post-8309","post","type-post","status-publish","format-standard","hentry","category-carequinha","category-compactos","category-selo-copacabana","tag-carequinha","tag-compactos","tag-selo-copacabana"],"_links":{"self":[{"href":"https:\/\/www.toque-musicall.com\/index.php?rest_route=\/wp\/v2\/posts\/8309","targetHints":{"allow":["GET"]}}],"collection":[{"href":"https:\/\/www.toque-musicall.com\/index.php?rest_route=\/wp\/v2\/posts"}],"about":[{"href":"https:\/\/www.toque-musicall.com\/index.php?rest_route=\/wp\/v2\/types\/post"}],"author":[{"embeddable":true,"href":"https:\/\/www.toque-musicall.com\/index.php?rest_route=\/wp\/v2\/users\/1"}],"replies":[{"embeddable":true,"href":"https:\/\/www.toque-musicall.com\/index.php?rest_route=%2Fwp%2Fv2%2Fcomments&post=8309"}],"version-history":[{"count":1,"href":"https:\/\/www.toque-musicall.com\/index.php?rest_route=\/wp\/v2\/posts\/8309\/revisions"}],"predecessor-version":[{"id":8310,"href":"https:\/\/www.toque-musicall.com\/index.php?rest_route=\/wp\/v2\/posts\/8309\/revisions\/8310"}],"wp:attachment":[{"href":"https:\/\/www.toque-musicall.com\/index.php?rest_route=%2Fwp%2Fv2%2Fmedia&parent=8309"}],"wp:term":[{"taxonomy":"category","embeddable":true,"href":"https:\/\/www.toque-musicall.com\/index.php?rest_route=%2Fwp%2Fv2%2Fcategories&post=8309"},{"taxonomy":"post_tag","embeddable":true,"href":"https:\/\/www.toque-musicall.com\/index.php?rest_route=%2Fwp%2Fv2%2Ftags&post=8309"}],"curies":[{"name":"wp","href":"https:\/\/api.w.org\/{rel}","templated":true}]}}