{"id":8311,"date":"2021-03-04T22:05:00","date_gmt":"2021-03-05T01:05:00","guid":{"rendered":"http:\/\/www.toque-musicall.com\/?p=8311"},"modified":"2021-03-05T22:08:38","modified_gmt":"2021-03-06T01:08:38","slug":"miltinho-palhacada-1962","status":"publish","type":"post","link":"https:\/\/www.toque-musicall.com\/?p=8311","title":{"rendered":"Miltinho &#8211; Palha\u00e7ada (1962)"},"content":{"rendered":"\n<figure class=\"wp-block-image size-large is-resized\"><img loading=\"lazy\" decoding=\"async\" src=\"https:\/\/1.bp.blogspot.com\/-l51QcMizmBo\/YELPpS4cs_I\/AAAAAAAATW8\/ewOlAFb_nWIIDMfOKvLPqbNxxZsWNRlAACLcBGAsYHQ\/w634-h640\/Anota%25C3%25A7%25C3%25A3o%2B2021-03-05%2B213216.jpg\" alt=\"\" width=\"611\" height=\"616\"\/><\/figure>\n\n\n\n<figure class=\"wp-block-image size-large\"><img decoding=\"async\" src=\"https:\/\/1.bp.blogspot.com\/-bew3nWGdHJU\/YELPpYB5jtI\/AAAAAAAATXA\/9PBtoOncETc9zD0mz3M_hZxq-nIxpl-yACLcBGAsYHQ\/s924\/Anota%25C3%25A7%25C3%25A3o%2B2021-03-05%2B213253.jpg\" alt=\"\"\/><\/figure>\n\n\n<div class=\"separator\">Boa noite, meus caros amigos cultos e ocultos! Depois do Carequinha, que tal mais uma palha\u00e7ada? E essa \u00e9 da boa! Aqui um compacto tamb\u00e9m da antigas, de 45 rpm, lan\u00e7ado pela RGE em 1962, trazendo o anasalado Miltinho, um cantor, para mim, dos mais interessantes. Miltinho vem trazendo neste compacto duplo quatro sambas, o grande sucesso que tamb\u00e9m d\u00e1 nome ao disco, &#8220;Palha\u00e7ada&#8221;, m\u00fasica de Haroldo Barbosa e Luis Reis. Tem ainda &#8220;Perdoa Cora\u00e7\u00e3o&#8221;, &#8220;Poema do Adeus&#8221; e &#8220;Estrada do Amor&#8221;. Miltinho vem acompanhado da Orquestra RGE. N\u00e3o deixem de conferir&#8230;<\/div>\n<div class=\"separator\">\u00a0<\/div>\n<div class=\"separator\">palha\u00e7ada<\/div>\n<div class=\"separator\">perdoa cora\u00e7\u00e3o<\/div>\n<div class=\"separator\">poema do adeus<\/div>\n<div class=\"separator\">estrada do amor<\/div>\n<div class=\"separator\">\u00a0<\/div>\n<div class=\"separator\">\u00a0<\/div>\n<div class=\"separator\">.<\/div>","protected":false},"excerpt":{"rendered":"<p>Boa noite, meus caros amigos cultos e ocultos! Depois do Carequinha, que tal mais uma palha\u00e7ada? E essa \u00e9 da boa! Aqui um compacto tamb\u00e9m da antigas, de 45 rpm, lan\u00e7ado pela RGE em 1962, trazendo o anasalado Miltinho, um &hellip; <a href=\"https:\/\/www.toque-musicall.com\/?p=8311\">Continue lendo <span class=\"meta-nav\">&rarr;<\/span><\/a><\/p>\n","protected":false},"author":1,"featured_media":0,"comment_status":"closed","ping_status":"closed","sticky":false,"template":"","format":"standard","meta":{"footnotes":""},"categories":[93,554,153],"tags":[3072,3167,3091],"class_list":["post-8311","post","type-post","status-publish","format-standard","hentry","category-compactos","category-miltinho","category-selo-rge","tag-compactos","tag-miltinho","tag-selo-rge"],"_links":{"self":[{"href":"https:\/\/www.toque-musicall.com\/index.php?rest_route=\/wp\/v2\/posts\/8311","targetHints":{"allow":["GET"]}}],"collection":[{"href":"https:\/\/www.toque-musicall.com\/index.php?rest_route=\/wp\/v2\/posts"}],"about":[{"href":"https:\/\/www.toque-musicall.com\/index.php?rest_route=\/wp\/v2\/types\/post"}],"author":[{"embeddable":true,"href":"https:\/\/www.toque-musicall.com\/index.php?rest_route=\/wp\/v2\/users\/1"}],"replies":[{"embeddable":true,"href":"https:\/\/www.toque-musicall.com\/index.php?rest_route=%2Fwp%2Fv2%2Fcomments&post=8311"}],"version-history":[{"count":1,"href":"https:\/\/www.toque-musicall.com\/index.php?rest_route=\/wp\/v2\/posts\/8311\/revisions"}],"predecessor-version":[{"id":8312,"href":"https:\/\/www.toque-musicall.com\/index.php?rest_route=\/wp\/v2\/posts\/8311\/revisions\/8312"}],"wp:attachment":[{"href":"https:\/\/www.toque-musicall.com\/index.php?rest_route=%2Fwp%2Fv2%2Fmedia&parent=8311"}],"wp:term":[{"taxonomy":"category","embeddable":true,"href":"https:\/\/www.toque-musicall.com\/index.php?rest_route=%2Fwp%2Fv2%2Fcategories&post=8311"},{"taxonomy":"post_tag","embeddable":true,"href":"https:\/\/www.toque-musicall.com\/index.php?rest_route=%2Fwp%2Fv2%2Ftags&post=8311"}],"curies":[{"name":"wp","href":"https:\/\/api.w.org\/{rel}","templated":true}]}}