{"id":8313,"date":"2021-03-05T22:05:00","date_gmt":"2021-03-06T01:05:00","guid":{"rendered":"http:\/\/www.toque-musicall.com\/?p=8313"},"modified":"2021-03-13T00:10:05","modified_gmt":"2021-03-13T03:10:05","slug":"quarteto-em-cy-compacto-1966","status":"publish","type":"post","link":"https:\/\/www.toque-musicall.com\/?p=8313","title":{"rendered":"Quarteto Em Cy &#8211; Compacto (1966)"},"content":{"rendered":"\n<figure class=\"wp-block-image size-large\"><img decoding=\"async\" src=\"https:\/\/1.bp.blogspot.com\/-9hZQskz-deE\/YEQL0-kMU7I\/AAAAAAAATXQ\/Vad42PRdhrQCCmfG8WLnV7kPLlE-U55KwCLcBGAsYHQ\/w636-h640\/Anota%25C3%25A7%25C3%25A3o%2B2021-03-06%2B200119.jpg\" alt=\"\"\/><\/figure>\n\n\n\n<figure class=\"wp-block-image size-large\"><img decoding=\"async\" src=\"https:\/\/1.bp.blogspot.com\/-GdX61m-7sho\/YEQL08sNS6I\/AAAAAAAATXM\/3AvxT73YnBwcc9oJv-oWcrK02hDgPKhQQCLcBGAsYHQ\/w634-h640\/Anota%25C3%25A7%25C3%25A3o%2B2021-03-06%2B200156.jpg\" alt=\"\"\/><\/figure>\n\n\n<div class=\"separator\">Boa noite, meus camaradas, amigos cultos e ocultos! Separei muitos disquinhos de sete polegadas para este m\u00eas. Alguns, na verdade, s\u00e3o somente compactos de \u00e1lbuns os quais eu j\u00e1 postei por aqui. \u00c9 o caso deste resumo do lp &#8220;Som Definitivo&#8221;, gravado pelo Quarteto em Cy, juntamente com o Tamba Trio, em 1966. Aqui vamos encontrar dois grandes sucessos: &#8220;Das Rosas&#8221;, de Dorival Caymmi e &#8220;Arrast\u00e3o&#8221;, de Edu Lobo. Confesso que estou postando este disquinho apenas pelo capricho de ter estampado aqui uma produ\u00e7\u00e3o do selo Forma.<\/div>\n<div class=\"separator\">\u00a0<\/div>\n<div class=\"separator\">das rosas<\/div>\n<div class=\"separator\">arrast\u00e3o<\/div>\n<div class=\"separator\">\u00a0<\/div>\n<div class=\"separator\">\u00a0<\/div>\n<div class=\"separator\">.<\/div>","protected":false},"excerpt":{"rendered":"<p>Boa noite, meus camaradas, amigos cultos e ocultos! Separei muitos disquinhos de sete polegadas para este m\u00eas. Alguns, na verdade, s\u00e3o somente compactos de \u00e1lbuns os quais eu j\u00e1 postei por aqui. \u00c9 o caso deste resumo do lp &#8220;Som &hellip; <a href=\"https:\/\/www.toque-musicall.com\/?p=8313\">Continue lendo <span class=\"meta-nav\">&rarr;<\/span><\/a><\/p>\n","protected":false},"author":1,"featured_media":0,"comment_status":"closed","ping_status":"closed","sticky":false,"template":"","format":"standard","meta":{"footnotes":""},"categories":[93,50,767],"tags":[3072,4337,3240],"class_list":["post-8313","post","type-post","status-publish","format-standard","hentry","category-compactos","category-quarteto-em-cy","category-selo-forma","tag-compactos","tag-quarteto-em-cy","tag-selo-forma"],"_links":{"self":[{"href":"https:\/\/www.toque-musicall.com\/index.php?rest_route=\/wp\/v2\/posts\/8313","targetHints":{"allow":["GET"]}}],"collection":[{"href":"https:\/\/www.toque-musicall.com\/index.php?rest_route=\/wp\/v2\/posts"}],"about":[{"href":"https:\/\/www.toque-musicall.com\/index.php?rest_route=\/wp\/v2\/types\/post"}],"author":[{"embeddable":true,"href":"https:\/\/www.toque-musicall.com\/index.php?rest_route=\/wp\/v2\/users\/1"}],"replies":[{"embeddable":true,"href":"https:\/\/www.toque-musicall.com\/index.php?rest_route=%2Fwp%2Fv2%2Fcomments&post=8313"}],"version-history":[{"count":1,"href":"https:\/\/www.toque-musicall.com\/index.php?rest_route=\/wp\/v2\/posts\/8313\/revisions"}],"predecessor-version":[{"id":8315,"href":"https:\/\/www.toque-musicall.com\/index.php?rest_route=\/wp\/v2\/posts\/8313\/revisions\/8315"}],"wp:attachment":[{"href":"https:\/\/www.toque-musicall.com\/index.php?rest_route=%2Fwp%2Fv2%2Fmedia&parent=8313"}],"wp:term":[{"taxonomy":"category","embeddable":true,"href":"https:\/\/www.toque-musicall.com\/index.php?rest_route=%2Fwp%2Fv2%2Fcategories&post=8313"},{"taxonomy":"post_tag","embeddable":true,"href":"https:\/\/www.toque-musicall.com\/index.php?rest_route=%2Fwp%2Fv2%2Ftags&post=8313"}],"curies":[{"name":"wp","href":"https:\/\/api.w.org\/{rel}","templated":true}]}}