{"id":8318,"date":"2021-03-07T09:34:00","date_gmt":"2021-03-07T12:34:00","guid":{"rendered":"http:\/\/www.toque-musicall.com\/?p=8318"},"modified":"2021-03-11T09:36:48","modified_gmt":"2021-03-11T12:36:48","slug":"celia-marcia-e-zeluiz-brasil-canta-na-italia-1984","status":"publish","type":"post","link":"https:\/\/www.toque-musicall.com\/?p=8318","title":{"rendered":"C\u00e9lia, M\u00e1rcia E Z\u00e9luiz &#8211; Brasil Canta Na It\u00e1lia (1984)"},"content":{"rendered":"\n<figure class=\"wp-block-image size-large\"><img decoding=\"async\" src=\"https:\/\/1.bp.blogspot.com\/-9URb2ook49c\/YEoHxsf8pXI\/AAAAAAAATX4\/6TFJl8tkCH02gTRQ6P-eA0U0OH6FunGCQCLcBGAsYHQ\/w640-h638\/Anota%25C3%25A7%25C3%25A3o%2B2021-03-11%2B084744.jpg\" alt=\"\"\/><\/figure>\n\n\n\n<figure class=\"wp-block-image size-large\"><img decoding=\"async\" src=\"https:\/\/1.bp.blogspot.com\/-85xv19tcqaE\/YEoHxgGNqjI\/AAAAAAAATX8\/g0yeOGz18k4_LGQD9Rqdzs4291Y-6FLBACLcBGAsYHQ\/w636-h640\/Anota%25C3%25A7%25C3%25A3o%2B2021-03-11%2B084819.jpg\" alt=\"\"\/><\/figure>\n\n\n<div class=\"separator\">Buongiorno, amigos cultos e ocultos! Tenho aqui este disquinho, &#8220;Brasil canta na It\u00e1lia&#8221;, lan\u00e7ado pelo selo Pointer, em 1984, trazendo as cantoras M\u00e1rcia e C\u00e9lia e tamb\u00e9m o cantor Z\u00e9luiz, um trio de int\u00e9rpretes que dispensa maiores apresenta\u00e7\u00f5es. Me chamou a aten\u00e7\u00e3o este compacto, pois acredito eu que n\u00e3o se trata de um resumo de um lp e sim um registro exclusivo neste formato de vinil. Temos aqui tr\u00eas composi\u00e7\u00f5es brasileiras versadas para o italiano e segundo observo na contracapa, as m\u00fasicas foram temas de novelas. Como h\u00e1 tempos eu n\u00e3o n\u00e3o vejo novelas, confesso tamb\u00e9m n\u00e3o conhecer esses temas. Somente agora estou tendo um contato auditivo, nessa nossa mostra de disco de sete polegadas. S\u00f3 mesmo assim para se ouvir e conhecer tantos discos que me rodeiam. Uma oportunidade boa que eu compartilho aqui com voc\u00eas. Confiram no GTM&#8230;<\/div>\n<div class=\"separator\">\u00a0<\/div>\n<div class=\"separator\">e suona suona (verso novo) &#8211; m\u00e1rcia<\/div>\n<div class=\"separator\">fingere di essere amici (o que arde cura) &#8211; c\u00e9lia<\/div>\n<div class=\"separator\">fine della festa (fim de festa) &#8211; z\u00e9luiz<\/div>\n<div class=\"separator\">\u00a0<\/div>\n<div class=\"separator\">\u00a0<\/div>\n<div class=\"separator\">.<\/div>","protected":false},"excerpt":{"rendered":"<p>Buongiorno, amigos cultos e ocultos! Tenho aqui este disquinho, &#8220;Brasil canta na It\u00e1lia&#8221;, lan\u00e7ado pelo selo Pointer, em 1984, trazendo as cantoras M\u00e1rcia e C\u00e9lia e tamb\u00e9m o cantor Z\u00e9luiz, um trio de int\u00e9rpretes que dispensa maiores apresenta\u00e7\u00f5es. Me chamou &hellip; <a href=\"https:\/\/www.toque-musicall.com\/?p=8318\">Continue lendo <span class=\"meta-nav\">&rarr;<\/span><\/a><\/p>\n","protected":false},"author":1,"featured_media":0,"comment_status":"closed","ping_status":"closed","sticky":false,"template":"","format":"standard","meta":{"footnotes":""},"categories":[1284,93,491,490,670],"tags":[4338,3072,3337,3145,3192],"class_list":["post-8318","post","type-post","status-publish","format-standard","hentry","category-celia","category-compactos","category-marcia","category-selo-pointer","category-zeluiz","tag-celia","tag-compactos","tag-marcia","tag-selo-pointer","tag-zeluiz-2"],"_links":{"self":[{"href":"https:\/\/www.toque-musicall.com\/index.php?rest_route=\/wp\/v2\/posts\/8318","targetHints":{"allow":["GET"]}}],"collection":[{"href":"https:\/\/www.toque-musicall.com\/index.php?rest_route=\/wp\/v2\/posts"}],"about":[{"href":"https:\/\/www.toque-musicall.com\/index.php?rest_route=\/wp\/v2\/types\/post"}],"author":[{"embeddable":true,"href":"https:\/\/www.toque-musicall.com\/index.php?rest_route=\/wp\/v2\/users\/1"}],"replies":[{"embeddable":true,"href":"https:\/\/www.toque-musicall.com\/index.php?rest_route=%2Fwp%2Fv2%2Fcomments&post=8318"}],"version-history":[{"count":1,"href":"https:\/\/www.toque-musicall.com\/index.php?rest_route=\/wp\/v2\/posts\/8318\/revisions"}],"predecessor-version":[{"id":8320,"href":"https:\/\/www.toque-musicall.com\/index.php?rest_route=\/wp\/v2\/posts\/8318\/revisions\/8320"}],"wp:attachment":[{"href":"https:\/\/www.toque-musicall.com\/index.php?rest_route=%2Fwp%2Fv2%2Fmedia&parent=8318"}],"wp:term":[{"taxonomy":"category","embeddable":true,"href":"https:\/\/www.toque-musicall.com\/index.php?rest_route=%2Fwp%2Fv2%2Fcategories&post=8318"},{"taxonomy":"post_tag","embeddable":true,"href":"https:\/\/www.toque-musicall.com\/index.php?rest_route=%2Fwp%2Fv2%2Ftags&post=8318"}],"curies":[{"name":"wp","href":"https:\/\/api.w.org\/{rel}","templated":true}]}}