{"id":8321,"date":"2021-03-08T00:05:00","date_gmt":"2021-03-08T03:05:00","guid":{"rendered":"http:\/\/www.toque-musicall.com\/?p=8321"},"modified":"2021-03-13T02:25:49","modified_gmt":"2021-03-13T05:25:49","slug":"lena-rios-sem-essa-aranha-1972","status":"publish","type":"post","link":"https:\/\/www.toque-musicall.com\/?p=8321","title":{"rendered":"Lena Rios &#8211; Sem Essa Aranha (1972)"},"content":{"rendered":"\n<figure class=\"wp-block-image size-large\"><img decoding=\"async\" src=\"https:\/\/1.bp.blogspot.com\/-SWsqRCnPUd8\/YEwbIx5RgvI\/AAAAAAAATYM\/4ioKKWJnmZYLL9KsbWlQ_aLi16WyF7_OQCLcBGAsYHQ\/w640-h622\/front.jpg\" alt=\"\"\/><\/figure>\n\n\n\n<figure class=\"wp-block-image size-large\"><img decoding=\"async\" src=\"https:\/\/1.bp.blogspot.com\/-xiCa3Zka758\/YEwbInDW_ZI\/AAAAAAAATYI\/MLSezog90WsMHAO31ehukqVqKIVrS74VQCLcBGAsYHQ\/w634-h640\/back.jpg\" alt=\"\"\/><\/figure>\n\n\n<div class=\"separator\">Boa noite, meus caros amigos cultos e ocultos! Eis aqui um disquinho dos mais interessantes entre os compactos originais, que n\u00e3o s\u00e3o resumos de lps. Aqui temos, Lena Rios, cantora vindo do Piau\u00ed, surgiu no in\u00edcio dos anos 70 cantando composi\u00e7\u00f5es de artistas como Torquato Neto, Macal\u00e9, Waly Salom\u00e3o&#8230; Em 1972 ela lan\u00e7a este compacto, no qual temos &#8220;Garanto&#8221;, composi\u00e7\u00e3o de Luiz Melodia e C\u00e9lio Jos\u00e9. Esta foi a primeira vez que uma cantora gravava um m\u00fasica de Luiz Melodia. Neste compacto duplo temos ainda do lado 1. &#8220;Eu sou eu , Nicuri \u00e9 o diabo&#8221;, m\u00fasica de Raul Seixas. Seguindo do lado 2\u00a0 vem &#8220;Ver\u00e3o estrelado&#8221;, de Hyldon e Mazola e fecha com &#8220;Sem essa, aranha&#8221;, de Torquato Neto e Carlos Galv\u00e3o, essa \u00faltima, um &#8216;rock\u00e3o&#8217; tropicalista, um quebradeira que por s\u00f3 j\u00e1 vale o disco. N\u00e3o sei como nenhuma artista roqueiro da nova gera\u00e7\u00e3o ainda n\u00e3o regravou essa m\u00fasica. Mas, enfim, um compacto que merece aten\u00e7\u00e3o. Confira no GTM&#8230;<\/div>\n<div class=\"separator\">\u00a0<\/div>\n<div class=\"separator\">garanto\u00a0<\/div>\n<div class=\"separator\">eu sou eu, nicuri \u00e9 o diabo<\/div>\n<div class=\"separator\">ver\u00e3o estrelado<\/div>\n<div class=\"separator\">sem essa aranha<\/div>","protected":false},"excerpt":{"rendered":"<p>Boa noite, meus caros amigos cultos e ocultos! Eis aqui um disquinho dos mais interessantes entre os compactos originais, que n\u00e3o s\u00e3o resumos de lps. Aqui temos, Lena Rios, cantora vindo do Piau\u00ed, surgiu no in\u00edcio dos anos 70 cantando &hellip; <a href=\"https:\/\/www.toque-musicall.com\/?p=8321\">Continue lendo <span class=\"meta-nav\">&rarr;<\/span><\/a><\/p>\n","protected":false},"author":1,"featured_media":0,"comment_status":"closed","ping_status":"closed","sticky":false,"template":"","format":"standard","meta":{"footnotes":""},"categories":[93,4339,48],"tags":[3072,4340,3012],"class_list":["post-8321","post","type-post","status-publish","format-standard","hentry","category-compactos","category-lena-rios","category-selo-philips","tag-compactos","tag-lena-rios","tag-selo-philips"],"_links":{"self":[{"href":"https:\/\/www.toque-musicall.com\/index.php?rest_route=\/wp\/v2\/posts\/8321","targetHints":{"allow":["GET"]}}],"collection":[{"href":"https:\/\/www.toque-musicall.com\/index.php?rest_route=\/wp\/v2\/posts"}],"about":[{"href":"https:\/\/www.toque-musicall.com\/index.php?rest_route=\/wp\/v2\/types\/post"}],"author":[{"embeddable":true,"href":"https:\/\/www.toque-musicall.com\/index.php?rest_route=\/wp\/v2\/users\/1"}],"replies":[{"embeddable":true,"href":"https:\/\/www.toque-musicall.com\/index.php?rest_route=%2Fwp%2Fv2%2Fcomments&post=8321"}],"version-history":[{"count":1,"href":"https:\/\/www.toque-musicall.com\/index.php?rest_route=\/wp\/v2\/posts\/8321\/revisions"}],"predecessor-version":[{"id":8322,"href":"https:\/\/www.toque-musicall.com\/index.php?rest_route=\/wp\/v2\/posts\/8321\/revisions\/8322"}],"wp:attachment":[{"href":"https:\/\/www.toque-musicall.com\/index.php?rest_route=%2Fwp%2Fv2%2Fmedia&parent=8321"}],"wp:term":[{"taxonomy":"category","embeddable":true,"href":"https:\/\/www.toque-musicall.com\/index.php?rest_route=%2Fwp%2Fv2%2Fcategories&post=8321"},{"taxonomy":"post_tag","embeddable":true,"href":"https:\/\/www.toque-musicall.com\/index.php?rest_route=%2Fwp%2Fv2%2Ftags&post=8321"}],"curies":[{"name":"wp","href":"https:\/\/api.w.org\/{rel}","templated":true}]}}