{"id":8326,"date":"2021-03-10T18:02:00","date_gmt":"2021-03-10T21:02:00","guid":{"rendered":"http:\/\/www.toque-musicall.com\/?p=8326"},"modified":"2021-03-15T08:14:26","modified_gmt":"2021-03-15T11:14:26","slug":"grupo-olho-nu-1981","status":"publish","type":"post","link":"https:\/\/www.toque-musicall.com\/?p=8326","title":{"rendered":"Grupo Olho N\u00fa (1981)"},"content":{"rendered":"\n<figure class=\"wp-block-image size-large\"><img decoding=\"async\" src=\"https:\/\/1.bp.blogspot.com\/-GDvVKDPYpco\/YE31IBBN9pI\/AAAAAAAATYs\/M54xa_OBuZItJZ0bFINtQGOy2ebKvaLLACLcBGAsYHQ\/w636-h640\/Anota%25C3%25A7%25C3%25A3o%2B2021-03-14%2B083136.jpg\" alt=\"\"\/><\/figure>\n\n\n\n<figure class=\"wp-block-image size-large\"><img decoding=\"async\" src=\"https:\/\/1.bp.blogspot.com\/-ZuL3wO_PUII\/YE31IPHo7KI\/AAAAAAAATYo\/t_OrWfIvJD8VQLKQ9kD010i-ejMLW75NwCLcBGAsYHQ\/w626-h640\/Anota%25C3%25A7%25C3%25A3o%2B2021-03-14%2B083228.jpg\" alt=\"\"\/><\/figure>\n\n\n<div class=\"separator\">Bom dia a todos, amigos cultos e ocultos! Os compactos e &#8216;singles&#8217; s\u00e3o discos, geralmente de 7 polegadas. O nome compacto vem do fato do disquinho ser uma esp\u00e9cie de resumo de uma obra maior, no caso o &#8216;long play&#8217;, por\u00e9m h\u00e1 disco de 7 polegadas que n\u00e3o s\u00e3o compactos, pois esses s\u00e3o originais, tendo sido criados apenas nesta vers\u00e3o. A ind\u00fastria fonogr\u00e1fica antigamente usava muito do artif\u00edcio do compacto para lan\u00e7ar m\u00fasicas e artistas no mercado. De acordo com a aceita\u00e7\u00e3o do p\u00fablico e sucesso do disquinho, acabava virando lp. Por\u00e9m, muita gente gravou apenas em discos compactos, seja porque n\u00e3o conseguiram o sucesso pretendido pela gravadora, seja por quest\u00f5es de recursos, ou mesmo pelo conceito do projeto. Nessa nossa mostra de disquinhos de 7 poleadas vamos encontrar um pouco de tudo isso. A \u00fanica coisa que talvez a gente n\u00e3o encontre nos compactos\/7 polegadas s\u00e3o informa\u00e7\u00f5es sobre artistas e conte\u00fado, pois muitos desses disquinhos mal traziam as informa\u00e7\u00f5es no pr\u00f3prio selo, pois as capas s\u00e3o gen\u00e9ricas. Mas h\u00e1 tamb\u00e9m os disquinhos com capa e esses geralmente n\u00e3o s\u00e3o resumos e sim obras originais, contudo e muitas vezes, tamb\u00e9m passamos pelo problemas de pouca informa\u00e7\u00e3o. Aqui um bom exemplo, este disquinho do Grupo Olho N\u00fa, lan\u00e7ado em 1981 pela gravadora Copacabana. Vejam voc\u00eas, neste caso temos a capinha ilustrada, com a imagem do grupo, nome das duas m\u00fasicas e registros da f\u00e1brica e nada mais. Da\u00ed, voc\u00ea vai ao Google, pesquisa pelo nome e n\u00e3o encontra nada, nem no Youtube h\u00e1 referencias musicais. Mesmo assim, na insist\u00eancia dessa postagem, o que podemos dizer \u00e9 que se trata de um trabalho interessante que faz lembrar muito a m\u00fasica mineira. Talvez at\u00e9 sejam artistas mineiros, mas infelizmente n\u00e3o h\u00e1 nada onde se apoiar. Quem sabe, uma hora dessas, algu\u00e9m do grupo nos envia um e-mail contando a hist\u00f3ria? Da\u00ed o Toque Musical reedita este texto. Toda via, o que podemos dizer \u00e9 que vale a pena conhecer as duas m\u00fasicas deste disco. Confiram no GTM&#8230;<\/div>\n<div class=\"separator\">\u00a0<\/div>\n<div class=\"separator\">estrelas lavadas<\/div>\n<div class=\"separator\">se o tempo<\/div>\n<div class=\"separator\">\u00a0<\/div>\n<div class=\"separator\">\u00a0<\/div>\n<div class=\"separator\">.<\/div>","protected":false},"excerpt":{"rendered":"<p>Bom dia a todos, amigos cultos e ocultos! Os compactos e &#8216;singles&#8217; s\u00e3o discos, geralmente de 7 polegadas. O nome compacto vem do fato do disquinho ser uma esp\u00e9cie de resumo de uma obra maior, no caso o &#8216;long play&#8217;, &hellip; <a href=\"https:\/\/www.toque-musicall.com\/?p=8326\">Continue lendo <span class=\"meta-nav\">&rarr;<\/span><\/a><\/p>\n","protected":false},"author":1,"featured_media":0,"comment_status":"closed","ping_status":"closed","sticky":false,"template":"","format":"standard","meta":{"footnotes":""},"categories":[93,4343,153],"tags":[3072,4352,3108],"class_list":["post-8326","post","type-post","status-publish","format-standard","hentry","category-compactos","category-grupo-olho-nu","category-selo-rge","tag-compactos","tag-grupo-olho-nu","tag-selo-copacabana"],"_links":{"self":[{"href":"https:\/\/www.toque-musicall.com\/index.php?rest_route=\/wp\/v2\/posts\/8326","targetHints":{"allow":["GET"]}}],"collection":[{"href":"https:\/\/www.toque-musicall.com\/index.php?rest_route=\/wp\/v2\/posts"}],"about":[{"href":"https:\/\/www.toque-musicall.com\/index.php?rest_route=\/wp\/v2\/types\/post"}],"author":[{"embeddable":true,"href":"https:\/\/www.toque-musicall.com\/index.php?rest_route=\/wp\/v2\/users\/1"}],"replies":[{"embeddable":true,"href":"https:\/\/www.toque-musicall.com\/index.php?rest_route=%2Fwp%2Fv2%2Fcomments&post=8326"}],"version-history":[{"count":1,"href":"https:\/\/www.toque-musicall.com\/index.php?rest_route=\/wp\/v2\/posts\/8326\/revisions"}],"predecessor-version":[{"id":8327,"href":"https:\/\/www.toque-musicall.com\/index.php?rest_route=\/wp\/v2\/posts\/8326\/revisions\/8327"}],"wp:attachment":[{"href":"https:\/\/www.toque-musicall.com\/index.php?rest_route=%2Fwp%2Fv2%2Fmedia&parent=8326"}],"wp:term":[{"taxonomy":"category","embeddable":true,"href":"https:\/\/www.toque-musicall.com\/index.php?rest_route=%2Fwp%2Fv2%2Fcategories&post=8326"},{"taxonomy":"post_tag","embeddable":true,"href":"https:\/\/www.toque-musicall.com\/index.php?rest_route=%2Fwp%2Fv2%2Ftags&post=8326"}],"curies":[{"name":"wp","href":"https:\/\/api.w.org\/{rel}","templated":true}]}}