{"id":8328,"date":"2021-03-11T08:05:00","date_gmt":"2021-03-11T11:05:00","guid":{"rendered":"http:\/\/www.toque-musicall.com\/?p=8328"},"modified":"2021-03-15T08:13:33","modified_gmt":"2021-03-15T11:13:33","slug":"almir-santos-197","status":"publish","type":"post","link":"https:\/\/www.toque-musicall.com\/?p=8328","title":{"rendered":"Almir Santos (197&#8230;)"},"content":{"rendered":"\n<figure class=\"wp-block-image size-large\"><img decoding=\"async\" src=\"https:\/\/1.bp.blogspot.com\/-HrFNWPMk3nQ\/YE8n8HSISbI\/AAAAAAAATY8\/IAIBIIcE5r8uUE1OMI1Zb1jKfHrRiRtMACLcBGAsYHQ\/w640-h634\/Anota%25C3%25A7%25C3%25A3o%2B2021-03-02%2B101118.jpg\" alt=\"\"\/><\/figure>\n\n\n\n<figure class=\"wp-block-image size-large\"><img decoding=\"async\" src=\"https:\/\/1.bp.blogspot.com\/-CXwX6hV0NfY\/YE8n8LUscHI\/AAAAAAAATY4\/Y1RFHSNSPG0IEF-2vgts6jDMy4pAswipwCLcBGAsYHQ\/w640-h638\/Anota%25C3%25A7%25C3%25A3o%2B2021-03-02%2B101046.jpg\" alt=\"\"\/><\/figure>\n\n\n<div class=\"separator\">Muito bom dia a todos, amigos cultos e ocultos! Entre tantos disquinhos raros, independentes e obscuros, gostei deste, logo pela capa. Me pareceu um trabalho honesto, bem produzido e arranjado. Curiosamente, por alguns momentos, me soa como m\u00fasica mineira. E l\u00e1 vou eu buscar informa\u00e7\u00f5es sobre o artista\/disco. E n\u00e3o foi f\u00e1cil. S\u00f3 mesmo pelo Youtube consegui alguma pista, digamos assim&#8230; Consegui localizar nosso artista, por sorte pela estampa de seu perfil que \u00e9 a mesma da capa deste disco. Em seus dois ou tr\u00eas v\u00eddeos ele j\u00e1 aparece mais velho, o que\u00a0 me levou a concluir que este sete polegadas viesse a ser dos anos 70. Percebe-se tamb\u00e9m que Almir Santos acabou se enveredando para uma m\u00fasica mais simples e popular. Me fez lembrar uma antiga novela da Globo na qual o ator Osmar Prato interpreta um personagem que \u00e9 um m\u00fasico do interior, que vem para a cidade grande em busca do sonho de ser um artista e gravar seu disco. Mas acaba sendo pasteurizado pela ind\u00fastria da m\u00fasica, deixa de ser um cantor regional para se tornar um caricato sucesso dos bregas. Uma hist\u00f3ria bem comum nesse mundo da m\u00fasica.<\/div>\n<div class=\"separator\">\u00a0<\/div>\n<div class=\"separator\">a cena<\/div>\n<div class=\"separator\">culpa<\/div>\n<div class=\"separator\">eta cabe\u00e7a\u00a0<\/div>\n<div>pared\u00e3o da dor<\/div>\n<div>\u00a0<\/div>\n<p>\u00a0<\/p>\n<p>.<\/p>\n\n\n<p><\/p>\n","protected":false},"excerpt":{"rendered":"<p>Muito bom dia a todos, amigos cultos e ocultos! Entre tantos disquinhos raros, independentes e obscuros, gostei deste, logo pela capa. Me pareceu um trabalho honesto, bem produzido e arranjado. Curiosamente, por alguns momentos, me soa como m\u00fasica mineira. E &hellip; <a href=\"https:\/\/www.toque-musicall.com\/?p=8328\">Continue lendo <span class=\"meta-nav\">&rarr;<\/span><\/a><\/p>\n","protected":false},"author":1,"featured_media":0,"comment_status":"closed","ping_status":"closed","sticky":false,"template":"","format":"standard","meta":{"footnotes":""},"categories":[4344,93,4345],"tags":[4346,3072,4351],"class_list":["post-8328","post","type-post","status-publish","format-standard","hentry","category-almir-santos","category-compactos","category-selo-coomusa","tag-almir-santos","tag-compactos","tag-selo-coomusa"],"_links":{"self":[{"href":"https:\/\/www.toque-musicall.com\/index.php?rest_route=\/wp\/v2\/posts\/8328","targetHints":{"allow":["GET"]}}],"collection":[{"href":"https:\/\/www.toque-musicall.com\/index.php?rest_route=\/wp\/v2\/posts"}],"about":[{"href":"https:\/\/www.toque-musicall.com\/index.php?rest_route=\/wp\/v2\/types\/post"}],"author":[{"embeddable":true,"href":"https:\/\/www.toque-musicall.com\/index.php?rest_route=\/wp\/v2\/users\/1"}],"replies":[{"embeddable":true,"href":"https:\/\/www.toque-musicall.com\/index.php?rest_route=%2Fwp%2Fv2%2Fcomments&post=8328"}],"version-history":[{"count":1,"href":"https:\/\/www.toque-musicall.com\/index.php?rest_route=\/wp\/v2\/posts\/8328\/revisions"}],"predecessor-version":[{"id":8329,"href":"https:\/\/www.toque-musicall.com\/index.php?rest_route=\/wp\/v2\/posts\/8328\/revisions\/8329"}],"wp:attachment":[{"href":"https:\/\/www.toque-musicall.com\/index.php?rest_route=%2Fwp%2Fv2%2Fmedia&parent=8328"}],"wp:term":[{"taxonomy":"category","embeddable":true,"href":"https:\/\/www.toque-musicall.com\/index.php?rest_route=%2Fwp%2Fv2%2Fcategories&post=8328"},{"taxonomy":"post_tag","embeddable":true,"href":"https:\/\/www.toque-musicall.com\/index.php?rest_route=%2Fwp%2Fv2%2Ftags&post=8328"}],"curies":[{"name":"wp","href":"https:\/\/api.w.org\/{rel}","templated":true}]}}