{"id":8336,"date":"2021-03-15T18:16:00","date_gmt":"2021-03-15T21:16:00","guid":{"rendered":"http:\/\/www.toque-musicall.com\/?p=8336"},"modified":"2021-03-17T18:20:09","modified_gmt":"2021-03-17T21:20:09","slug":"wilson-miranda-1974","status":"publish","type":"post","link":"https:\/\/www.toque-musicall.com\/?p=8336","title":{"rendered":"Wilson Miranda (1974)"},"content":{"rendered":"\n<figure class=\"wp-block-image size-large\"><img decoding=\"async\" src=\"https:\/\/1.bp.blogspot.com\/-1I8lV4P3PtU\/YFIXGB9rasI\/AAAAAAAATZs\/Knh_CoPVcEMiqXao9P6cLcpxsTsoPquNwCLcBGAsYHQ\/w640-h640\/Anota%25C3%25A7%25C3%25A3o%2B2021-03-17%2B114828.jpg\" alt=\"\"\/><\/figure>\n\n\n\n<figure class=\"wp-block-image size-large\"><img decoding=\"async\" src=\"https:\/\/1.bp.blogspot.com\/-Z3VQ_n0rYm0\/YFIXGCGiA9I\/AAAAAAAATZw\/bx2wnBrMhe0YZos86-njHJBWl-xbRnnhgCLcBGAsYHQ\/w640-h628\/Anota%25C3%25A7%25C3%25A3o%2B2021-03-17%2B114718.jpg\" alt=\"\"\/><\/figure>\n\n\n<div class=\"separator\">Ol\u00e1, amigos cultos e ocultos! Come\u00e7ando a semana e dando sequencia a nossa mostra de discos de 7 polegadas, hoje temos aqui este compacto do cantor Wilson Miranda, artista este j\u00e1 apresentado aqui no Toque Musical. Desta vez temos ele num compacto duplo com quatro temas de sucesso e destacando,\u00a0 &#8220;O Homem de Nazareth&#8221;, m\u00fasica de Cl\u00e1udio Fontana que ficou marcada na voz do cantor Ant\u00f4nio Marcos e creio que tamb\u00e9m foi gravada por outros artistas. Confiram no GTM&#8230;<\/div>\n<div class=\"separator\">\u00a0<\/div>\n<div class=\"separator\">o homem de nazareth<\/div>\n<div class=\"separator\">de que vale ter tudo na vida<\/div>\n<div class=\"separator\">te amo eternamente<\/div>\n<div class=\"separator\">o show j\u00e1 terminou<\/div>\n<div class=\"separator\">\u00a0<\/div>\n<div class=\"separator\">.<\/div>","protected":false},"excerpt":{"rendered":"<p>Ol\u00e1, amigos cultos e ocultos! Come\u00e7ando a semana e dando sequencia a nossa mostra de discos de 7 polegadas, hoje temos aqui este compacto do cantor Wilson Miranda, artista este j\u00e1 apresentado aqui no Toque Musical. Desta vez temos ele &hellip; <a href=\"https:\/\/www.toque-musicall.com\/?p=8336\">Continue lendo <span class=\"meta-nav\">&rarr;<\/span><\/a><\/p>\n","protected":false},"author":1,"featured_media":0,"comment_status":"closed","ping_status":"closed","sticky":false,"template":"","format":"standard","meta":{"footnotes":""},"categories":[93,40,894],"tags":[3072,3327,3174],"class_list":["post-8336","post","type-post","status-publish","format-standard","hentry","category-compactos","category-selo-continental","category-wilson-miranda","tag-compactos","tag-selo-continental","tag-wilson-miranda"],"_links":{"self":[{"href":"https:\/\/www.toque-musicall.com\/index.php?rest_route=\/wp\/v2\/posts\/8336","targetHints":{"allow":["GET"]}}],"collection":[{"href":"https:\/\/www.toque-musicall.com\/index.php?rest_route=\/wp\/v2\/posts"}],"about":[{"href":"https:\/\/www.toque-musicall.com\/index.php?rest_route=\/wp\/v2\/types\/post"}],"author":[{"embeddable":true,"href":"https:\/\/www.toque-musicall.com\/index.php?rest_route=\/wp\/v2\/users\/1"}],"replies":[{"embeddable":true,"href":"https:\/\/www.toque-musicall.com\/index.php?rest_route=%2Fwp%2Fv2%2Fcomments&post=8336"}],"version-history":[{"count":1,"href":"https:\/\/www.toque-musicall.com\/index.php?rest_route=\/wp\/v2\/posts\/8336\/revisions"}],"predecessor-version":[{"id":8337,"href":"https:\/\/www.toque-musicall.com\/index.php?rest_route=\/wp\/v2\/posts\/8336\/revisions\/8337"}],"wp:attachment":[{"href":"https:\/\/www.toque-musicall.com\/index.php?rest_route=%2Fwp%2Fv2%2Fmedia&parent=8336"}],"wp:term":[{"taxonomy":"category","embeddable":true,"href":"https:\/\/www.toque-musicall.com\/index.php?rest_route=%2Fwp%2Fv2%2Fcategories&post=8336"},{"taxonomy":"post_tag","embeddable":true,"href":"https:\/\/www.toque-musicall.com\/index.php?rest_route=%2Fwp%2Fv2%2Ftags&post=8336"}],"curies":[{"name":"wp","href":"https:\/\/api.w.org\/{rel}","templated":true}]}}