{"id":834,"date":"2010-05-26T09:03:00","date_gmt":"2010-05-26T09:03:00","guid":{"rendered":"http:\/\/www.toque-musicall.com\/?p=834"},"modified":"2010-05-26T09:03:00","modified_gmt":"2010-05-26T09:03:00","slug":"anjos-do-inferno-brasil-pandeiro-1971","status":"publish","type":"post","link":"https:\/\/www.toque-musicall.com\/?p=834","title":{"rendered":"Anjos Do Inferno &#8211; Brasil Pandeiro (1971)"},"content":{"rendered":"<p><a href=\"http:\/\/4.bp.blogspot.com\/_DSKVEvHtskc\/S_zkULDNT7I\/AAAAAAAAGlw\/xEAtRcrO3mc\/s1600\/anjos+P.JPG\"><img decoding=\"async\" style=\"TEXT-ALIGN: center; MARGIN: 0px auto 10px; WIDTH: 398px; DISPLAY: block; HEIGHT: 400px; CURSOR: hand\" id=\"BLOGGER_PHOTO_ID_5475502282190442418\" border=\"0\" alt=\"\" src=\"http:\/\/4.bp.blogspot.com\/_DSKVEvHtskc\/S_zkULDNT7I\/AAAAAAAAGlw\/xEAtRcrO3mc\/s400\/anjos+P.JPG\" \/><\/a> Ol\u00e1 amigos cultos e ocultos, bom dia! Ainda na pressa, aqui vamos n\u00f3s com a postagem de hoje. N\u00e3o posso me prolongar. Entre um gole de caf\u00e9 e uma fatia de p\u00e3o, vou postando este \u00e1lbum de um dos maiores conjuntos vocais brasileiros, Os Anjos do Inferno. O grupo nasceu no Rio de Janeiro, na d\u00e9cada de 30 e tinha como lider o cantor Leo Vilar. Foi um dos grupos vocais mais populares nas d\u00e9cadas de 30 e 40. Tiveram v\u00e1rias forma\u00e7\u00f5es, mas se destacaram com Leo Vilar, o vocalista principal, Roberto Medeiros e Nanai nos viol\u00f5es, Russinho e Miltinho nos pandeiros e Harry Vasco de Almeida no piston. Excursionaram pelos Estados Unidos com Carmem Miranda e tamb\u00e9m estiveram por um per\u00edodo longo, quase quatro anos, no M\u00e9xico. Ao retornarem ao Brasil, se deram conta de que a onda havia mudado. O povo por aqui estava agora ligado era no samba can\u00e7\u00e3o e no bai\u00e3o. Haviam tamb\u00e9m outros e novos grupos vocais como os 4 Azes e 1 Coringa, Os Titulares do Ritmo e Os Cariocas. Dessa forma Os Anjos do Inferno, logo nos primeiros anos da d\u00e9cada de 50, se dissolveram. Em 1963 Leo Vilar produziu um lp com reminisc\u00eancias dos Anjos do Inferno, buscando reviver alguns de seus antigos sucessos. Para isso contou com o apoio de alguns membros dos Titulares do Ritmo. Em 1971 a RCA Candem relan\u00e7a o \u00e1lbum com o nome Brasil Pandeiro. O \u00e1lbum se divide em dois momentos. De um lado temos a m\u00fasica de Dorival Caymmi que foi sucesso na voz dos Anjos entre os anos de 1941 e 43. Do outro, desfilam diversos sambas que tamb\u00e9m marcaram a exist\u00eancia do grupo. Podemos dizer assim, que este disco n\u00e3o \u00e9 apenas dos Anjos do Inferno, mas de Leo Vilar e Os Titulares do Ritmo. Muito bom, confiram&#8230;<\/p>\n<div align=\"center\">rosa morena<\/div>\n<div align=\"center\">acontece que eu sou bainao<\/div>\n<div align=\"center\">vatap\u00e1<\/div>\n<div align=\"center\">requebre que eu dou um doce<\/div>\n<div align=\"center\">voc\u00ea j\u00e1 foi a bahia?<\/div>\n<div align=\"center\">vestido de bolero<\/div>\n<div align=\"center\">ch\u00f4 ch\u00f4<\/div>\n<div align=\"center\">n\u00eaga do cabelo duro<\/div>\n<div align=\"center\">dolores<\/div>\n<div align=\"center\">helena helena<\/div>\n<div align=\"center\">brasil pandeiro<\/div>\n<div align=\"center\">\u00e9 ela<\/div>\n<div align=\"center\"> <\/div>\n<div align=\"center\"> <\/div>\n","protected":false},"excerpt":{"rendered":"<p>Ol\u00e1 amigos cultos e ocultos, bom dia! Ainda na pressa, aqui vamos n\u00f3s com a postagem de hoje. N\u00e3o posso me prolongar. Entre um gole de caf\u00e9 e uma fatia de p\u00e3o, vou postando este \u00e1lbum de um dos maiores &hellip; <a href=\"https:\/\/www.toque-musicall.com\/?p=834\">Continue lendo <span class=\"meta-nav\">&rarr;<\/span><\/a><\/p>\n","protected":false},"author":1,"featured_media":0,"comment_status":"open","ping_status":"closed","sticky":false,"template":"","format":"standard","meta":{"footnotes":""},"categories":[1142],"tags":[],"class_list":["post-834","post","type-post","status-publish","format-standard","hentry","category-anjos-do-inferno"],"_links":{"self":[{"href":"https:\/\/www.toque-musicall.com\/index.php?rest_route=\/wp\/v2\/posts\/834","targetHints":{"allow":["GET"]}}],"collection":[{"href":"https:\/\/www.toque-musicall.com\/index.php?rest_route=\/wp\/v2\/posts"}],"about":[{"href":"https:\/\/www.toque-musicall.com\/index.php?rest_route=\/wp\/v2\/types\/post"}],"author":[{"embeddable":true,"href":"https:\/\/www.toque-musicall.com\/index.php?rest_route=\/wp\/v2\/users\/1"}],"replies":[{"embeddable":true,"href":"https:\/\/www.toque-musicall.com\/index.php?rest_route=%2Fwp%2Fv2%2Fcomments&post=834"}],"version-history":[{"count":0,"href":"https:\/\/www.toque-musicall.com\/index.php?rest_route=\/wp\/v2\/posts\/834\/revisions"}],"wp:attachment":[{"href":"https:\/\/www.toque-musicall.com\/index.php?rest_route=%2Fwp%2Fv2%2Fmedia&parent=834"}],"wp:term":[{"taxonomy":"category","embeddable":true,"href":"https:\/\/www.toque-musicall.com\/index.php?rest_route=%2Fwp%2Fv2%2Fcategories&post=834"},{"taxonomy":"post_tag","embeddable":true,"href":"https:\/\/www.toque-musicall.com\/index.php?rest_route=%2Fwp%2Fv2%2Ftags&post=834"}],"curies":[{"name":"wp","href":"https:\/\/api.w.org\/{rel}","templated":true}]}}