{"id":8341,"date":"2021-03-17T21:35:00","date_gmt":"2021-03-18T00:35:00","guid":{"rendered":"http:\/\/www.toque-musicall.com\/?p=8341"},"modified":"2021-03-19T10:55:50","modified_gmt":"2021-03-19T13:55:50","slug":"chacrinha-1981","status":"publish","type":"post","link":"https:\/\/www.toque-musicall.com\/?p=8341","title":{"rendered":"Chacrinha (1981)"},"content":{"rendered":"\n<figure class=\"wp-block-image size-large\"><img decoding=\"async\" src=\"https:\/\/1.bp.blogspot.com\/-JEaVl5QEqPA\/YFPwCn3ak5I\/AAAAAAAATa4\/EXWV3DqGNac36FUvdyepndNM09XkzHhewCLcBGAsYHQ\/w638-h640\/Anota%25C3%25A7%25C3%25A3o%2B2021-03-11%2B012015.jpg\" alt=\"\"\/><\/figure>\n\n\n\n<figure class=\"wp-block-image size-large\"><img decoding=\"async\" src=\"https:\/\/1.bp.blogspot.com\/-LxwUd2NgFQA\/YFPwCju7KQI\/AAAAAAAATa8\/HGMU4uNfLrU9p0G01joCYn4Imp0xRJaQACLcBGAsYHQ\/w640-h634\/Anota%25C3%25A7%25C3%25A3o%2B2021-03-11%2B012048.jpg\" alt=\"\"\/><\/figure>\n\n\n<div class=\"separator\">Ol\u00e1, prezados amigos cultos e ocultos! Dando prosseguimento \u00e0 sua mostra de compactos, o TM traz, mais uma vez, o inesquec\u00edvel \u201cvelho guerreiro\u201d, Abelardo Chacrinha Barbosa, de quem j\u00e1 apresentamos dois LPs. Trata-se de um disquinho lan\u00e7ado pela Odeon em 1981, \u00e9poca em que Chacrinha trabalhava na TV Bandeirantes, hoje Band, com dois forr\u00f3s especialmente compostos por Rossini Pinto. De um lado, \u201cO pai de santo\u201d, e de outro, \u201cO cozinheiro\u201d. Tudo com a mal\u00edcia e os versos de sentido d\u00fabio caracter\u00edsticos do g\u00eanero (as letras est\u00e3o reproduzidas na contracapa). Enfim, s\u00e3o m\u00fasicas bastante divertidas, e o disquinho vale muito a pena. \u00c9 mais um legado precioso do \u201cvelho guerreiro\u201d para a posteridade, e outro disco raro que \u00e9 eternizado pelo TM. A conferir no GTM, sem falta.<\/div>\n<div class=\"separator\">\u00a0<\/div>\n<div class=\"separator\">o pai de santo<\/div>\n<div class=\"separator\">o cozinheiro<\/div>\n<div class=\"separator\">\u00a0<\/div>\n<div class=\"separator\">\u00a0<\/div>\n<div class=\"separator\">*Texto de Samuel Machado Filho\u00a0<\/div>\n\n\n<p><\/p>\n","protected":false},"excerpt":{"rendered":"<p>Ol\u00e1, prezados amigos cultos e ocultos! Dando prosseguimento \u00e0 sua mostra de compactos, o TM traz, mais uma vez, o inesquec\u00edvel \u201cvelho guerreiro\u201d, Abelardo Chacrinha Barbosa, de quem j\u00e1 apresentamos dois LPs. Trata-se de um disquinho lan\u00e7ado pela Odeon em &hellip; <a href=\"https:\/\/www.toque-musicall.com\/?p=8341\">Continue lendo <span class=\"meta-nav\">&rarr;<\/span><\/a><\/p>\n","protected":false},"author":1,"featured_media":0,"comment_status":"closed","ping_status":"closed","sticky":false,"template":"","format":"standard","meta":{"footnotes":""},"categories":[1519,93,3638],"tags":[4361,3072,3639],"class_list":["post-8341","post","type-post","status-publish","format-standard","hentry","category-chacrinha","category-compactos","category-selo-emi","tag-chacrinha","tag-compactos","tag-selo-emi"],"_links":{"self":[{"href":"https:\/\/www.toque-musicall.com\/index.php?rest_route=\/wp\/v2\/posts\/8341","targetHints":{"allow":["GET"]}}],"collection":[{"href":"https:\/\/www.toque-musicall.com\/index.php?rest_route=\/wp\/v2\/posts"}],"about":[{"href":"https:\/\/www.toque-musicall.com\/index.php?rest_route=\/wp\/v2\/types\/post"}],"author":[{"embeddable":true,"href":"https:\/\/www.toque-musicall.com\/index.php?rest_route=\/wp\/v2\/users\/1"}],"replies":[{"embeddable":true,"href":"https:\/\/www.toque-musicall.com\/index.php?rest_route=%2Fwp%2Fv2%2Fcomments&post=8341"}],"version-history":[{"count":1,"href":"https:\/\/www.toque-musicall.com\/index.php?rest_route=\/wp\/v2\/posts\/8341\/revisions"}],"predecessor-version":[{"id":8342,"href":"https:\/\/www.toque-musicall.com\/index.php?rest_route=\/wp\/v2\/posts\/8341\/revisions\/8342"}],"wp:attachment":[{"href":"https:\/\/www.toque-musicall.com\/index.php?rest_route=%2Fwp%2Fv2%2Fmedia&parent=8341"}],"wp:term":[{"taxonomy":"category","embeddable":true,"href":"https:\/\/www.toque-musicall.com\/index.php?rest_route=%2Fwp%2Fv2%2Fcategories&post=8341"},{"taxonomy":"post_tag","embeddable":true,"href":"https:\/\/www.toque-musicall.com\/index.php?rest_route=%2Fwp%2Fv2%2Ftags&post=8341"}],"curies":[{"name":"wp","href":"https:\/\/api.w.org\/{rel}","templated":true}]}}