{"id":8345,"date":"2021-03-19T10:53:14","date_gmt":"2021-03-19T13:53:14","guid":{"rendered":"http:\/\/www.toque-musicall.com\/?p=8345"},"modified":"2021-03-19T10:54:58","modified_gmt":"2021-03-19T13:54:58","slug":"orquestra-disneyland-e-aloysio-de-oliveira-perri-1959","status":"publish","type":"post","link":"https:\/\/www.toque-musicall.com\/?p=8345","title":{"rendered":"Orquestra Disneyland E Aloysio De Oliveira &#8211; Perri (1959)"},"content":{"rendered":"\n<figure class=\"wp-block-image size-large\"><img decoding=\"async\" src=\"https:\/\/1.bp.blogspot.com\/-O1cH-KYMQwA\/YFSmQw9KRVI\/AAAAAAAATbg\/4vLNeYuob7oniQst-nC_tK0OCQ-fsV5CwCLcBGAsYHQ\/w640-h636\/Anota%25C3%25A7%25C3%25A3o%2B2021-03-11%2B011102.jpg\" alt=\"\"\/><\/figure>\n\n\n\n<figure class=\"wp-block-image size-large\"><img decoding=\"async\" src=\"https:\/\/1.bp.blogspot.com\/-alQ4x4YUXlw\/YFSmRJQscQI\/AAAAAAAATbc\/XYVaSI2BMD4jWs9aVt2So9wZfehJ1bOAACLcBGAsYHQ\/w424-h640\/Perri.jpg\" alt=\"\"\/><\/figure>\n\n\n\n<figure class=\"wp-block-image size-large\"><img decoding=\"async\" src=\"https:\/\/1.bp.blogspot.com\/-GieRezLL69A\/YFSmQzXyOOI\/AAAAAAAATbY\/L82hyp5OWc0lDVwSVyZdqr-kxSKcepPIgCLcBGAsYHQ\/w640-h638\/Anota%25C3%25A7%25C3%25A3o%2B2021-03-11%2B011151.jpg\" alt=\"\"\/><\/figure>\n\n\n<div class=\"separator\">Ol\u00e1, prezados amigos cultos e ocultos! Prosseguindo sua mostra de compactos, o TM apresenta uma aut\u00eantica raridade. Trata-se de um 45 rpm que a Odeon lan\u00e7ou sob o selo Disneyland, provavelmente em 1959, reunindo quatro m\u00fasicas de um filme de Walt Disney chamado \u201cPerri\u201d, de 1957, rebatizado no Brasil como \u201cNo cora\u00e7\u00e3o da floresta\u201d. Misto de document\u00e1rio e fic\u00e7\u00e3o, e de elementos de \u201cBambi\u201d com fotografia da natureza, o filme conta as aventuras de um esquilo f\u00eamea, a Perri do t\u00edtulo original, durante as quatro esta\u00e7\u00f5es do ano. E a vida dela na floresta \u00e9 cheia de perigos. Quando n\u00e3o est\u00e1 fugindo de seu inimigo natural, o Martes, Perri se apaixona por um esquilo macho que considera um pr\u00edncipe. O filme ganhou, em 1958, o Urso de Ouro de melhor document\u00e1rio no Festival Internacional de Cinema de Berlim. As orquestra\u00e7\u00f5es deste disco s\u00e3o originais americanas, com canto coral em portugu\u00eas e narra\u00e7\u00e3o de Aloysio de Oliveira, ex-integrante do Bando da Lua, que por certo tamb\u00e9m verteu as m\u00fasicas para o nosso idioma. Em suma, um filme pouco lembrado dos est\u00fadios Disney, do qual o TM apresenta parte de sua trilha sonora. Mais um tesouro raro que voc\u00eas poder\u00e3o conferir no GTM.\u00a0<\/div>\n<div class=\"separator\">\u00a0<\/div>\n<div class=\"separator\">sonho de perri<\/div>\n<div class=\"separator\">a primavera<\/div>\n<div class=\"separator\">cai o dia<\/div>\n<div class=\"separator\">a dormir<\/div>\n<div class=\"separator\">\u00a0<\/div>\n<div class=\"separator\">\u00a0<\/div>\n<div class=\"separator\">*Texto de Samuel Machado Filho<\/div>","protected":false},"excerpt":{"rendered":"<p>Ol\u00e1, prezados amigos cultos e ocultos! Prosseguindo sua mostra de compactos, o TM apresenta uma aut\u00eantica raridade. Trata-se de um 45 rpm que a Odeon lan\u00e7ou sob o selo Disneyland, provavelmente em 1959, reunindo quatro m\u00fasicas de um filme de &hellip; <a href=\"https:\/\/www.toque-musicall.com\/?p=8345\">Continue lendo <span class=\"meta-nav\">&rarr;<\/span><\/a><\/p>\n","protected":false},"author":1,"featured_media":0,"comment_status":"closed","ping_status":"closed","sticky":false,"template":"","format":"standard","meta":{"footnotes":""},"categories":[4362,93,982,4364,4363,86],"tags":[4367,3072,3806,4365,4366,3153],"class_list":["post-8345","post","type-post","status-publish","format-standard","hentry","category-aloysio-de-oliveira","category-compactos","category-infantil","category-orquestra-disneyland","category-perri","category-selo-odeon","tag-aloysio-de-oliveira","tag-compactos","tag-infantil","tag-orquestra-disneyland","tag-perri","tag-selo-odeon"],"_links":{"self":[{"href":"https:\/\/www.toque-musicall.com\/index.php?rest_route=\/wp\/v2\/posts\/8345","targetHints":{"allow":["GET"]}}],"collection":[{"href":"https:\/\/www.toque-musicall.com\/index.php?rest_route=\/wp\/v2\/posts"}],"about":[{"href":"https:\/\/www.toque-musicall.com\/index.php?rest_route=\/wp\/v2\/types\/post"}],"author":[{"embeddable":true,"href":"https:\/\/www.toque-musicall.com\/index.php?rest_route=\/wp\/v2\/users\/1"}],"replies":[{"embeddable":true,"href":"https:\/\/www.toque-musicall.com\/index.php?rest_route=%2Fwp%2Fv2%2Fcomments&post=8345"}],"version-history":[{"count":1,"href":"https:\/\/www.toque-musicall.com\/index.php?rest_route=\/wp\/v2\/posts\/8345\/revisions"}],"predecessor-version":[{"id":8346,"href":"https:\/\/www.toque-musicall.com\/index.php?rest_route=\/wp\/v2\/posts\/8345\/revisions\/8346"}],"wp:attachment":[{"href":"https:\/\/www.toque-musicall.com\/index.php?rest_route=%2Fwp%2Fv2%2Fmedia&parent=8345"}],"wp:term":[{"taxonomy":"category","embeddable":true,"href":"https:\/\/www.toque-musicall.com\/index.php?rest_route=%2Fwp%2Fv2%2Fcategories&post=8345"},{"taxonomy":"post_tag","embeddable":true,"href":"https:\/\/www.toque-musicall.com\/index.php?rest_route=%2Fwp%2Fv2%2Ftags&post=8345"}],"curies":[{"name":"wp","href":"https:\/\/api.w.org\/{rel}","templated":true}]}}