{"id":8348,"date":"2021-03-20T11:11:00","date_gmt":"2021-03-20T14:11:00","guid":{"rendered":"http:\/\/www.toque-musicall.com\/?p=8348"},"modified":"2021-03-21T11:16:05","modified_gmt":"2021-03-21T14:16:05","slug":"gazineo-1973","status":"publish","type":"post","link":"https:\/\/www.toque-musicall.com\/?p=8348","title":{"rendered":"Gazineo (1973)"},"content":{"rendered":"\n<figure class=\"wp-block-image size-large\"><img decoding=\"async\" src=\"https:\/\/1.bp.blogspot.com\/-ySUJgS4OjV0\/YFZhN-fF5HI\/AAAAAAAATb0\/LqoeGrlQ39gT25amZKzS3DI5rikayzuNACLcBGAsYHQ\/w640-h632\/Anota%25C3%25A7%25C3%25A3o%2B2021-03-20%2B105523.jpg\" alt=\"\"\/><\/figure>\n\n\n\n<figure class=\"wp-block-image size-large\"><img decoding=\"async\" src=\"https:\/\/1.bp.blogspot.com\/-hsoSSo3xJoI\/YFZhN5rzafI\/AAAAAAAATbw\/lILHQOx-kzsv4XA-FjVCDmLYMvfEaFpVQCLcBGAsYHQ\/w640-h634\/Anota%25C3%25A7%25C3%25A3o%2B2021-03-20%2B105613.jpg\" alt=\"\"\/><\/figure>\n\n\n<div class=\"separator\">Boa tarde, meus amigos cultos e ocultos! N\u00e3o sou muito f\u00e3 de discos de 7 polegadas sem capa, infelizmente esses disquinhos a gente quase nunca encontra com capa e quando encontra \u00e9 com uma capinha gen\u00e9rica, aquela com o furo no meio para se ver o selo. E quase sempre, quando est\u00e3o com essa capinha, est\u00e1 sempre trocada. Disquinhos assim, a gente s\u00f3 consegue avaliar colocando para tocar. E eu tenho uma por\u00e7\u00e3o desses discos que ainda preciso descobrir. S\u00f3 mesmo promovendo esses &#8216;per\u00edodos tem\u00e1ticos&#8217; para me fazer mexer nos arquivos f\u00edsicos e explorar aqueles discos que ainda n\u00e3o tive tempo de ouvir. Aqui um bom exemplo&#8230; Este \u00e9 um compacto do cantor baiano Carlos Gazineo, um artista que tem estado presente na cena da MPB desde o final dos anos 60. S\u00f3 mesmo quem \u00e9 da \u00e1rea, quem \u00e9 baiano, talvez, conhe\u00e7a ou se lembre dele. Um cantor premiado em v\u00e1rios festivais, cantou nos mais diversos programas de televis\u00e3o e casas de shows, al\u00e9m dos jingles para a JS Discos. Sua primeira apari\u00e7\u00e3o est\u00e1 no no lp &#8220;I Festival do Samba da Bahia, de 1967 (disco este j\u00e1 apresentado aqui no Toque Musical), ao lado do Inema Trio e tamb\u00e9m no compacto duplo com m\u00fasicas do sambista Batatinha, onde aparece em duas faixas. Nos primeiros anos da d\u00e9cada de 70 ele foi contratado pela Odeon como sambista e grava ent\u00e3o este que foi seu primeiro compacto e talvez o seu disco de maior sucesso. Nele ficou registrado &#8220;Liso, leso e louco&#8221;, composi\u00e7\u00e3o da dupla Antonio Carlos e Jocafi, que tamb\u00e9m cuidaram da sua produ\u00e7\u00e3o. Do outro lado, o samba &#8220;Falsa cabrocha&#8221;, de Luiz Berimbau. &#8220;Liso leso e louco&#8221; tocou muito nas r\u00e1dios e chegou a ser conhecida internacionalmente. Essas duas m\u00fasicas seriam, na sequencia, lan\u00e7adas em uma colet\u00e2nea de sambas da gravadora (S\u00f3 Sucessos Vol. 12). Gazineo seguiria sua carreira de sucesso gravando outros compactos. Seu primeiro e \u00fanico lp ele s\u00f3 veio a gravar em 1984, &#8220;Cantando sorrindo&#8221;, uma produ\u00e7\u00e3o independente na qual ele aparece como Carlos Vicente. Depois disso viriam os cds e trabalhos com produ\u00e7\u00e3o. Hoje, parece, est\u00e1 aposentado, curtindo a vida dentro de uma piscina, pelo menos \u00e9 o que mostra o seu perfil no Facebook. Confesso que quase desisti desta postagem quando vi no Facebook a sua postura pol\u00edtica. Enfim, ainda bem que estamos falando do passado. Melhor beber o vinho do que falar do vinagre.<\/div>\n<div class=\"separator\">\u00a0<\/div>\n<div class=\"separator\">falsa cabrocha<\/div>\n<div class=\"separator\">liso leso e louco<\/div>\n<div class=\"separator\">\u00a0<\/div>\n<div class=\"separator\">\u00a0<\/div>","protected":false},"excerpt":{"rendered":"<p>Boa tarde, meus amigos cultos e ocultos! N\u00e3o sou muito f\u00e3 de discos de 7 polegadas sem capa, infelizmente esses disquinhos a gente quase nunca encontra com capa e quando encontra \u00e9 com uma capinha gen\u00e9rica, aquela com o furo &hellip; <a href=\"https:\/\/www.toque-musicall.com\/?p=8348\">Continue lendo <span class=\"meta-nav\">&rarr;<\/span><\/a><\/p>\n","protected":false},"author":1,"featured_media":0,"comment_status":"closed","ping_status":"closed","sticky":false,"template":"","format":"standard","meta":{"footnotes":""},"categories":[4369,4368,86],"tags":[3072,4370,3153],"class_list":["post-8348","post","type-post","status-publish","format-standard","hentry","category-comapctos","category-gazineo","category-selo-odeon","tag-compactos","tag-gazineo","tag-selo-odeon"],"_links":{"self":[{"href":"https:\/\/www.toque-musicall.com\/index.php?rest_route=\/wp\/v2\/posts\/8348","targetHints":{"allow":["GET"]}}],"collection":[{"href":"https:\/\/www.toque-musicall.com\/index.php?rest_route=\/wp\/v2\/posts"}],"about":[{"href":"https:\/\/www.toque-musicall.com\/index.php?rest_route=\/wp\/v2\/types\/post"}],"author":[{"embeddable":true,"href":"https:\/\/www.toque-musicall.com\/index.php?rest_route=\/wp\/v2\/users\/1"}],"replies":[{"embeddable":true,"href":"https:\/\/www.toque-musicall.com\/index.php?rest_route=%2Fwp%2Fv2%2Fcomments&post=8348"}],"version-history":[{"count":1,"href":"https:\/\/www.toque-musicall.com\/index.php?rest_route=\/wp\/v2\/posts\/8348\/revisions"}],"predecessor-version":[{"id":8349,"href":"https:\/\/www.toque-musicall.com\/index.php?rest_route=\/wp\/v2\/posts\/8348\/revisions\/8349"}],"wp:attachment":[{"href":"https:\/\/www.toque-musicall.com\/index.php?rest_route=%2Fwp%2Fv2%2Fmedia&parent=8348"}],"wp:term":[{"taxonomy":"category","embeddable":true,"href":"https:\/\/www.toque-musicall.com\/index.php?rest_route=%2Fwp%2Fv2%2Fcategories&post=8348"},{"taxonomy":"post_tag","embeddable":true,"href":"https:\/\/www.toque-musicall.com\/index.php?rest_route=%2Fwp%2Fv2%2Ftags&post=8348"}],"curies":[{"name":"wp","href":"https:\/\/api.w.org\/{rel}","templated":true}]}}