{"id":835,"date":"2010-05-25T10:19:00","date_gmt":"2010-05-25T10:19:00","guid":{"rendered":"http:\/\/www.toque-musicall.com\/?p=835"},"modified":"2010-05-25T10:19:00","modified_gmt":"2010-05-25T10:19:00","slug":"silvio-cesar-a-minha-prece-de-amor-1970","status":"publish","type":"post","link":"https:\/\/www.toque-musicall.com\/?p=835","title":{"rendered":"Silvio Cesar &#8211; A Minha Prece De Amor (1970)"},"content":{"rendered":"<p><a href=\"http:\/\/2.bp.blogspot.com\/_DSKVEvHtskc\/S_ukysdCWzI\/AAAAAAAAGlk\/4dgiQCC5wiw\/s1600\/silvio+F.JPG\"><img decoding=\"async\" style=\"TEXT-ALIGN: center; MARGIN: 0px auto 10px; WIDTH: 400px; DISPLAY: block; HEIGHT: 380px; CURSOR: hand\" id=\"BLOGGER_PHOTO_ID_5475150962832333618\" border=\"0\" alt=\"\" src=\"http:\/\/2.bp.blogspot.com\/_DSKVEvHtskc\/S_ukysdCWzI\/AAAAAAAAGlk\/4dgiQCC5wiw\/s400\/silvio+F.JPG\" \/><\/a> Ol\u00e1 amigos cultos e ocultos! Hoje a pressa me pegou, por isso estou lan\u00e7ando m\u00e3o de mais um dos j\u00e1 famosos &#8216;discos de gaveta&#8217;, aqueles que est\u00e3o sempre prontos para as eventualidades \ud83d\ude42<br \/>Vamos hoje com o cantor e compositor Silvio Cesar, um artista que come\u00e7ou sua carreira no in\u00edcio dos anos 60, gravando seus primeiro discos pelo selo Musidisc, ao lado de Orlan Divo e Ed Lincoln. Come\u00e7ou fazendo samba, indo aos poucos para um trabalho mais rom\u00e2ntico. Sua m\u00fasica sempre teve um apelo bem popular, o que fez muita gente torcer o nariz. Mas isso se deve ao fato de n\u00e3o conhecerem um pouco mais o seu trabalho. Suas m\u00fasicas fizeram sucesso n\u00e3o apenas por interpreta\u00e7\u00e3o pr\u00f3pria, que ali\u00e1s, faz dele tamb\u00e9m um excelente cantor. Diversos e dos mais talentos artistas j\u00e1 gravaram suas m\u00fasicas. O presente \u00e1lbum \u00e9 entre outros um de seus trabalhos mais conhecidos e de sua melhor fase. &#8220;A minha prece de amor&#8221; \u00e9 um disco totalmente autoral, uma prova de seu talento. Al\u00e9m da m\u00fasica que d\u00e1 nome ao disco, temos tamb\u00e9m como destaques o sucesso &#8220;Pr\u00e1 voc\u00ea&#8221; e &#8220;Eu quero que voc\u00ea morra&#8221;, uma bela e curiosa can\u00e7\u00e3o gravada tamb\u00e9m por outros int\u00e9rpretes. A dire\u00e7\u00e3o musical deste trabalho \u00e9 do maestro Lyrio Panicali e a reg\u00eancia ficou \u00e0 cargo de Waldemiro Lemke, Geraldo Vespar, Elcio Alvarez e Jos\u00e9 Briamonte. Confiram a\u00ed, porque eu j\u00e1 fui&#8230;<\/p>\n<div align=\"center\">can\u00e7\u00e3o para ela<\/div>\n<div align=\"center\">a minha prece de amor<\/div>\n<div align=\"center\">falar \u00e9 f\u00e1cil<\/div>\n<div align=\"center\">minha casa<\/div>\n<div align=\"center\">esse mundo louco<\/div>\n<div align=\"center\">pra voc\u00ea<\/div>\n<div align=\"center\">nosso mundo particular<\/div>\n<div align=\"center\">minha mulher<\/div>\n<div align=\"center\">eles falam mas n\u00e3o sabem<\/div>\n<div align=\"center\">um dia eu vou me libertar<\/div>\n<div align=\"center\">maria<\/div>\n<div align=\"center\">eu quero que voc\u00ea morra<\/div>\n<div align=\"center\"> <\/div>\n<div align=\"center\"> <\/div>\n","protected":false},"excerpt":{"rendered":"<p>Ol\u00e1 amigos cultos e ocultos! Hoje a pressa me pegou, por isso estou lan\u00e7ando m\u00e3o de mais um dos j\u00e1 famosos &#8216;discos de gaveta&#8217;, aqueles que est\u00e3o sempre prontos para as eventualidades \ud83d\ude42Vamos hoje com o cantor e compositor Silvio &hellip; <a href=\"https:\/\/www.toque-musicall.com\/?p=835\">Continue lendo <span class=\"meta-nav\">&rarr;<\/span><\/a><\/p>\n","protected":false},"author":1,"featured_media":0,"comment_status":"open","ping_status":"closed","sticky":false,"template":"","format":"standard","meta":{"footnotes":""},"categories":[1143],"tags":[],"class_list":["post-835","post","type-post","status-publish","format-standard","hentry","category-silvio-cesar"],"_links":{"self":[{"href":"https:\/\/www.toque-musicall.com\/index.php?rest_route=\/wp\/v2\/posts\/835","targetHints":{"allow":["GET"]}}],"collection":[{"href":"https:\/\/www.toque-musicall.com\/index.php?rest_route=\/wp\/v2\/posts"}],"about":[{"href":"https:\/\/www.toque-musicall.com\/index.php?rest_route=\/wp\/v2\/types\/post"}],"author":[{"embeddable":true,"href":"https:\/\/www.toque-musicall.com\/index.php?rest_route=\/wp\/v2\/users\/1"}],"replies":[{"embeddable":true,"href":"https:\/\/www.toque-musicall.com\/index.php?rest_route=%2Fwp%2Fv2%2Fcomments&post=835"}],"version-history":[{"count":0,"href":"https:\/\/www.toque-musicall.com\/index.php?rest_route=\/wp\/v2\/posts\/835\/revisions"}],"wp:attachment":[{"href":"https:\/\/www.toque-musicall.com\/index.php?rest_route=%2Fwp%2Fv2%2Fmedia&parent=835"}],"wp:term":[{"taxonomy":"category","embeddable":true,"href":"https:\/\/www.toque-musicall.com\/index.php?rest_route=%2Fwp%2Fv2%2Fcategories&post=835"},{"taxonomy":"post_tag","embeddable":true,"href":"https:\/\/www.toque-musicall.com\/index.php?rest_route=%2Fwp%2Fv2%2Ftags&post=835"}],"curies":[{"name":"wp","href":"https:\/\/api.w.org\/{rel}","templated":true}]}}