{"id":8356,"date":"2021-03-24T15:15:00","date_gmt":"2021-03-24T18:15:00","guid":{"rendered":"http:\/\/www.toque-musicall.com\/?p=8356"},"modified":"2021-03-25T15:18:49","modified_gmt":"2021-03-25T18:18:49","slug":"os-incriveis-trabalho-em-paz-1976","status":"publish","type":"post","link":"https:\/\/www.toque-musicall.com\/?p=8356","title":{"rendered":"Os Incr\u00edveis &#8211; Trabalho Em Paz (1976)"},"content":{"rendered":"\n<figure class=\"wp-block-image size-large\"><img decoding=\"async\" src=\"https:\/\/1.bp.blogspot.com\/-s_5ncbsBv3g\/YFx11IGc1rI\/AAAAAAAATc4\/6Xl2Muv6C8wOk33c3lUEnlWJjG1dHGBlwCLcBGAsYHQ\/w640-h640\/Anota%25C3%25A7%25C3%25A3o%2B2021-03-11%2B010900.jpg\" alt=\"\"\/><\/figure>\n\n\n\n<figure class=\"wp-block-image size-large\"><img decoding=\"async\" src=\"https:\/\/1.bp.blogspot.com\/-W_J7EXX3tHs\/YFx11Kw0ZGI\/AAAAAAAATc8\/9Uj-9LhQdmsAKjq5PSIHkgkVsHBWOwEPwCLcBGAsYHQ\/w638-h640\/Anota%25C3%25A7%25C3%25A3o%2B2021-03-25%2B083602.jpg\" alt=\"\"\/><\/figure>\n\n\n<div class=\"separator\">Bom dia a todos, amigos cultos e ocultos. De 1964 a 1985 vivemos no Brasil o per\u00edodo da ditadura militar. Tempos sombrios que s\u00f3 n\u00e3o chocou mais a na\u00e7\u00e3o porque essa, parece, sempre viveu uma rela\u00e7\u00e3o de amor e \u00f3dio com as For\u00e7as Armadas. Infelizmente tem muita gente que acredita que militar \u00e9 salva\u00e7\u00e3o, que a disciplina militar \u00e9 o rem\u00e9dio e que o Brasil deve ser mesmo um quartel. O que essa parcela de gente n\u00e3o consegue enxergar \u00e9 que n\u00e3o \u00e9 a farda que faz um homem, n\u00e3o \u00e9 a farda que faz uma pessoa honesta. Militar tamb\u00e9m erra e por sinal erra muito. Se voc\u00ea acredita que n\u00e3o existe corrup\u00e7\u00e3o nas For\u00e7as Armadas \u00e9 por ser muito ing\u00eanuo. At\u00e9 mesmo nas Igrejas essa praga mora, nas Evang\u00e9licas ent\u00e3o, nem se fala&#8230; Enfim, isso \u00e9 coisa de Brasil. O brasileiro \u00e9 sua ess\u00eancia \u00e9 um canalha e isso se evidencia\u00a0 mais na classe m\u00e9dia. N\u00e3o \u00e9 por acaso que boa parte desse povo votou num canalha e militar. E est\u00e1 a\u00ed, a boa merda que ele est\u00e1 fazendo e ainda com apoio da pior classe de brasileiros.<\/div>\n<div class=\"separator\">\u00c9 dentro desse cen\u00e1rio, de ditadura e ufanismo que nosso lend\u00e1rio grupo de rock, Os Incr\u00edveis, viveu e sobreviveu at\u00e9 perceber que n\u00e3o dava mais para ficar passando pano para milicos. Esse conjunto de musiquinhas ufanistas patrocinado pelo governo militar fez mesmo muito sucesso. Aprendemos essas m\u00fasicas num processo quase de osmose, quando isso era obrigat\u00f3rio em todas as r\u00e1dios. Tocavam essas m\u00fasicas para fazer o povo acreditar que est\u00e1vamos crescendo, que o Brasil era um pa\u00eds maravilhoso&#8230; Sim, o Brasil \u00e9 maravilhoso, o que fode s\u00e3o as pessoas que vivem nele.<\/div>\n<div class=\"separator\">Bom, enfim, o que temos aqui s\u00e3o quatro odiosos hinos da ditadura, pelo menos para mim. E da\u00ed, voc\u00eas me perguntam, qual a raz\u00e3o de eu estar postando isso ent\u00e3o? Oras, convenhamos, se eu publicasse aqui apenas oque eu gosto este blog n\u00e3o seria assim. A proposta do Toque Musical \u00e9 trazer a tona a produ\u00e7\u00e3o fonomusical brasileira e nosso lema \u00e9 escutar com outros olhos. Da\u00ed, cabe tudo em nosso espa\u00e7o. E at\u00e9 porque, n\u00e3o desgosto dos Incr\u00edveis, n\u00e3o gosto \u00e9 dessa &#8216;fase vexaminosa&#8217;, mas reconhe\u00e7o o talento dos rapazes \ud83d\ude42 Vamos l\u00e1, vamos conferir&#8230; ditadura tamb\u00e9m \u00e9 cultura (ou n\u00e3o?)<\/div>\n<div class=\"separator\">\u00a0<\/div>\n<div class=\"separator\">marcas do que se foi<\/div>\n<div class=\"separator\">pindorama<\/div>\n<div class=\"separator\">este \u00e9 o meu brasil<\/div>\n<div class=\"separator\">este \u00e9 um pa\u00eds que vai pra frente<\/div>\n<div class=\"separator\">\u00a0<\/div>\n<div class=\"separator\">.<\/div>","protected":false},"excerpt":{"rendered":"<p>Bom dia a todos, amigos cultos e ocultos. De 1964 a 1985 vivemos no Brasil o per\u00edodo da ditadura militar. Tempos sombrios que s\u00f3 n\u00e3o chocou mais a na\u00e7\u00e3o porque essa, parece, sempre viveu uma rela\u00e7\u00e3o de amor e \u00f3dio &hellip; <a href=\"https:\/\/www.toque-musicall.com\/?p=8356\">Continue lendo <span class=\"meta-nav\">&rarr;<\/span><\/a><\/p>\n","protected":false},"author":1,"featured_media":0,"comment_status":"closed","ping_status":"closed","sticky":false,"template":"","format":"standard","meta":{"footnotes":""},"categories":[93,370,70],"tags":[3072,4378,3061],"class_list":["post-8356","post","type-post","status-publish","format-standard","hentry","category-compactos","category-os-incriveis","category-selo-rca-victor","tag-compactos","tag-os-incriveis","tag-selo-rca-victor"],"_links":{"self":[{"href":"https:\/\/www.toque-musicall.com\/index.php?rest_route=\/wp\/v2\/posts\/8356","targetHints":{"allow":["GET"]}}],"collection":[{"href":"https:\/\/www.toque-musicall.com\/index.php?rest_route=\/wp\/v2\/posts"}],"about":[{"href":"https:\/\/www.toque-musicall.com\/index.php?rest_route=\/wp\/v2\/types\/post"}],"author":[{"embeddable":true,"href":"https:\/\/www.toque-musicall.com\/index.php?rest_route=\/wp\/v2\/users\/1"}],"replies":[{"embeddable":true,"href":"https:\/\/www.toque-musicall.com\/index.php?rest_route=%2Fwp%2Fv2%2Fcomments&post=8356"}],"version-history":[{"count":1,"href":"https:\/\/www.toque-musicall.com\/index.php?rest_route=\/wp\/v2\/posts\/8356\/revisions"}],"predecessor-version":[{"id":8357,"href":"https:\/\/www.toque-musicall.com\/index.php?rest_route=\/wp\/v2\/posts\/8356\/revisions\/8357"}],"wp:attachment":[{"href":"https:\/\/www.toque-musicall.com\/index.php?rest_route=%2Fwp%2Fv2%2Fmedia&parent=8356"}],"wp:term":[{"taxonomy":"category","embeddable":true,"href":"https:\/\/www.toque-musicall.com\/index.php?rest_route=%2Fwp%2Fv2%2Fcategories&post=8356"},{"taxonomy":"post_tag","embeddable":true,"href":"https:\/\/www.toque-musicall.com\/index.php?rest_route=%2Fwp%2Fv2%2Ftags&post=8356"}],"curies":[{"name":"wp","href":"https:\/\/api.w.org\/{rel}","templated":true}]}}