{"id":836,"date":"2010-05-24T10:15:00","date_gmt":"2010-05-24T10:15:00","guid":{"rendered":"http:\/\/www.toque-musicall.com\/?p=836"},"modified":"2010-05-24T10:15:00","modified_gmt":"2010-05-24T10:15:00","slug":"simonetti-orquestra-rge-brasil-a-jato-1959","status":"publish","type":"post","link":"https:\/\/www.toque-musicall.com\/?p=836","title":{"rendered":"Simonetti &#038; Orquestra RGE &#8211; Brasil A Jato (1959)"},"content":{"rendered":"<p><a href=\"http:\/\/3.bp.blogspot.com\/_DSKVEvHtskc\/S_pStZ5JvjI\/AAAAAAAAGlY\/28uqDscKAxU\/s1600\/Brasil+a+Jato+P.jpg\"><img decoding=\"async\" style=\"TEXT-ALIGN: center; MARGIN: 0px auto 10px; WIDTH: 400px; DISPLAY: block; HEIGHT: 394px; CURSOR: hand\" id=\"BLOGGER_PHOTO_ID_5474779237020450354\" border=\"0\" alt=\"\" src=\"http:\/\/3.bp.blogspot.com\/_DSKVEvHtskc\/S_pStZ5JvjI\/AAAAAAAAGlY\/28uqDscKAxU\/s400\/Brasil+a+Jato+P.jpg\" \/><\/a> Ol\u00e1 amigos cultos e ocultos. Passadas tr\u00eas semanas, dedicadas aos discos Paladium, j\u00e1 \u00e9 hora de levantarmos v\u00f4o para outras paragens. Mesmo sem muito tempo para novas &#8216;aventuras fonogr\u00e1ficas&#8217;, estou preparando um espa\u00e7o especial para essa curiosa experi\u00eancia musical que foi a Cole\u00e7\u00e3o Paladium da gravadora mineira Bemol. Em breve estarei anunciando aqui o novo blog, aguardem!<br \/>Vamos hoje decolar em dire\u00e7\u00e3o a outras raridades musicais. E para tanto, nada melhor que um disco feito de encomenda e em edi\u00e7\u00e3o limitada, promocional. Este \u00e1lbum \u00e9 mais uma colabora\u00e7\u00e3o do amigo S\u00e9rgio Digital, que gentilmente o preparou e nos enviou prontinho para o v\u00f4o.<br \/>&#8220;Brasil a jato&#8221; foi um disco encomendado \u00e0 RGE pela Varig, em 1959, quando a empresa a\u00e9rea comprou da Fran\u00e7a os dois avi\u00f5es a jato &#8220;Caravelle&#8221; para a sua frota. Foram os primeiros avi\u00f5es comerciais a jato no Brasil. A gravadora ent\u00e3o recrutou seu maestro principal para preparar um disco comemorativo, o qual foi distribu\u00eddo entre clientes e funcion\u00e1rios. Trata-se portanto de um \u00e1lbum n\u00e3o comercial, o que, obviamente, n\u00e3o tira a possibilidade de tamb\u00e9m ter sido posteriormente comercializado, embora n\u00e3o tenhamos certeza. O disco apresenta um repert\u00f3rio muito bem preparado pelo Maestro Simonetti, com m\u00fasicas referentes a cada escala do novo avi\u00e3o, passando por diversos estados do pa\u00eds. Muito bacana, podem conferir&#8230;<\/p>\n<div align=\"center\"><\/div>\n<div align=\"center\">caravelle<\/div>\n<div align=\"center\">s\u00e3o paulo quatrocent\u00e3o<\/div>\n<div align=\"center\">a voz do morro<\/div>\n<div align=\"center\">vassourinha<\/div>\n<div align=\"center\">bai\u00e3o<\/div>\n<div align=\"center\">pastorinhas<\/div>\n<div align=\"center\">rio de janeiro<\/div>\n<div align=\"center\">saudades da bahia<\/div>\n<div align=\"center\">tico tico no fub\u00e1<\/div>\n<div align=\"center\">delicado<\/div>\n<div align=\"center\">evoca\u00e7\u00e3o<\/div>\n<div align=\"center\">prenda minha<\/div>\n<div align=\"center\"><\/div>\n<div align=\"center\"><\/div>\n","protected":false},"excerpt":{"rendered":"<p>Ol\u00e1 amigos cultos e ocultos. Passadas tr\u00eas semanas, dedicadas aos discos Paladium, j\u00e1 \u00e9 hora de levantarmos v\u00f4o para outras paragens. Mesmo sem muito tempo para novas &#8216;aventuras fonogr\u00e1ficas&#8217;, estou preparando um espa\u00e7o especial para essa curiosa experi\u00eancia musical que &hellip; <a href=\"https:\/\/www.toque-musicall.com\/?p=836\">Continue lendo <span class=\"meta-nav\">&rarr;<\/span><\/a><\/p>\n","protected":false},"author":1,"featured_media":0,"comment_status":"open","ping_status":"closed","sticky":false,"template":"","format":"standard","meta":{"footnotes":""},"categories":[640],"tags":[],"class_list":["post-836","post","type-post","status-publish","format-standard","hentry","category-simonetti"],"_links":{"self":[{"href":"https:\/\/www.toque-musicall.com\/index.php?rest_route=\/wp\/v2\/posts\/836","targetHints":{"allow":["GET"]}}],"collection":[{"href":"https:\/\/www.toque-musicall.com\/index.php?rest_route=\/wp\/v2\/posts"}],"about":[{"href":"https:\/\/www.toque-musicall.com\/index.php?rest_route=\/wp\/v2\/types\/post"}],"author":[{"embeddable":true,"href":"https:\/\/www.toque-musicall.com\/index.php?rest_route=\/wp\/v2\/users\/1"}],"replies":[{"embeddable":true,"href":"https:\/\/www.toque-musicall.com\/index.php?rest_route=%2Fwp%2Fv2%2Fcomments&post=836"}],"version-history":[{"count":0,"href":"https:\/\/www.toque-musicall.com\/index.php?rest_route=\/wp\/v2\/posts\/836\/revisions"}],"wp:attachment":[{"href":"https:\/\/www.toque-musicall.com\/index.php?rest_route=%2Fwp%2Fv2%2Fmedia&parent=836"}],"wp:term":[{"taxonomy":"category","embeddable":true,"href":"https:\/\/www.toque-musicall.com\/index.php?rest_route=%2Fwp%2Fv2%2Fcategories&post=836"},{"taxonomy":"post_tag","embeddable":true,"href":"https:\/\/www.toque-musicall.com\/index.php?rest_route=%2Fwp%2Fv2%2Ftags&post=836"}],"curies":[{"name":"wp","href":"https:\/\/api.w.org\/{rel}","templated":true}]}}