{"id":8360,"date":"2021-03-26T21:45:00","date_gmt":"2021-03-27T00:45:00","guid":{"rendered":"http:\/\/www.toque-musicall.com\/?p=8360"},"modified":"2021-03-30T21:49:01","modified_gmt":"2021-03-31T00:49:01","slug":"toninho-e-neimar-1978","status":"publish","type":"post","link":"https:\/\/www.toque-musicall.com\/?p=8360","title":{"rendered":"Toninho E Neimar (1978)"},"content":{"rendered":"\n<figure class=\"wp-block-image size-large\"><img decoding=\"async\" src=\"https:\/\/1.bp.blogspot.com\/-0npkG6PsV50\/YGMdJaLnwJI\/AAAAAAAATeI\/WtrldVIBi0oUOrlxGoDd8fBmpSoBv0ECwCLcBGAsYHQ\/w638-h640\/Anota%25C3%25A7%25C3%25A3o%2B2021-03-30%2B093543.jpg\" alt=\"\"\/><\/figure>\n\n\n\n<figure class=\"wp-block-image size-large\"><img decoding=\"async\" src=\"https:\/\/1.bp.blogspot.com\/-CUm3F_0msfk\/YGMdJawEIcI\/AAAAAAAATeE\/GXblsuIWOUIG47czOPx5ej9lQHUHX3loACLcBGAsYHQ\/w638-h640\/Anota%25C3%25A7%25C3%25A3o%2B2021-03-30%2B093629.jpg\" alt=\"\"\/><\/figure>\n\n\n<div class=\"separator\">Bom dia a todos, amigos cultos e ocultos! Nosso compacto do dia segue no rastro do disquinho postado ontem, do Padre Zezinho, ou seja, um disco de m\u00fasica crist\u00e3. Temos neste a dupla Toninho e Neimar. Um compacto duplo no qual desfilam quatro composi\u00e7\u00f5es desta parceria. Infelizmente, n\u00e3o encontrei informa\u00e7\u00f5es sobre essa dupla, mas o disco foi gravado em 1978 no est\u00fadio das Edi\u00e7\u00f5es Paulinas e contou com os arranjos do maestro Eduardo Assad. Confiram este disquinho no GTM&#8230;<\/div>\n<div class=\"separator\">\u00a0<\/div>\n<div class=\"separator\">pelo amor de deus<\/div>\n<div class=\"separator\">a busca<\/div>\n<div class=\"separator\">deus negro<\/div>\n<div class=\"separator\">turista da vida<\/div>\n<div class=\"separator\">\u00a0<\/div>\n<div class=\"separator\">.<\/div>\n\n\n<p><\/p>\n","protected":false},"excerpt":{"rendered":"<p>Bom dia a todos, amigos cultos e ocultos! Nosso compacto do dia segue no rastro do disquinho postado ontem, do Padre Zezinho, ou seja, um disco de m\u00fasica crist\u00e3. Temos neste a dupla Toninho e Neimar. Um compacto duplo no &hellip; <a href=\"https:\/\/www.toque-musicall.com\/?p=8360\">Continue lendo <span class=\"meta-nav\">&rarr;<\/span><\/a><\/p>\n","protected":false},"author":1,"featured_media":0,"comment_status":"closed","ping_status":"closed","sticky":false,"template":"","format":"standard","meta":{"footnotes":""},"categories":[93,4382,4381],"tags":[3072,4383,4384],"class_list":["post-8360","post","type-post","status-publish","format-standard","hentry","category-compactos","category-selo-panoramico","category-toninho-neimar","tag-compactos","tag-selo-panoramico","tag-toninho-neimar"],"_links":{"self":[{"href":"https:\/\/www.toque-musicall.com\/index.php?rest_route=\/wp\/v2\/posts\/8360","targetHints":{"allow":["GET"]}}],"collection":[{"href":"https:\/\/www.toque-musicall.com\/index.php?rest_route=\/wp\/v2\/posts"}],"about":[{"href":"https:\/\/www.toque-musicall.com\/index.php?rest_route=\/wp\/v2\/types\/post"}],"author":[{"embeddable":true,"href":"https:\/\/www.toque-musicall.com\/index.php?rest_route=\/wp\/v2\/users\/1"}],"replies":[{"embeddable":true,"href":"https:\/\/www.toque-musicall.com\/index.php?rest_route=%2Fwp%2Fv2%2Fcomments&post=8360"}],"version-history":[{"count":1,"href":"https:\/\/www.toque-musicall.com\/index.php?rest_route=\/wp\/v2\/posts\/8360\/revisions"}],"predecessor-version":[{"id":8362,"href":"https:\/\/www.toque-musicall.com\/index.php?rest_route=\/wp\/v2\/posts\/8360\/revisions\/8362"}],"wp:attachment":[{"href":"https:\/\/www.toque-musicall.com\/index.php?rest_route=%2Fwp%2Fv2%2Fmedia&parent=8360"}],"wp:term":[{"taxonomy":"category","embeddable":true,"href":"https:\/\/www.toque-musicall.com\/index.php?rest_route=%2Fwp%2Fv2%2Fcategories&post=8360"},{"taxonomy":"post_tag","embeddable":true,"href":"https:\/\/www.toque-musicall.com\/index.php?rest_route=%2Fwp%2Fv2%2Ftags&post=8360"}],"curies":[{"name":"wp","href":"https:\/\/api.w.org\/{rel}","templated":true}]}}