{"id":8363,"date":"2021-03-27T21:49:00","date_gmt":"2021-03-28T00:49:00","guid":{"rendered":"http:\/\/www.toque-musicall.com\/?p=8363"},"modified":"2021-03-30T21:54:28","modified_gmt":"2021-03-31T00:54:28","slug":"helena-de-lima-compacto-1964","status":"publish","type":"post","link":"https:\/\/www.toque-musicall.com\/?p=8363","title":{"rendered":"Helena De Lima &#8211; Compacto (1964)"},"content":{"rendered":"\n<figure class=\"wp-block-image size-large\"><img decoding=\"async\" src=\"https:\/\/1.bp.blogspot.com\/-BKNWkm0jf3U\/YF07r7z-92I\/AAAAAAAATd0\/stomfsY9ZrsR8trHlUoY209sP3olINEsQCLcBGAsYHQ\/w632-h640\/Anota%25C3%25A7%25C3%25A3o%2B2021-03-25%2B224015.jpg\" alt=\"\"\/><\/figure>\n\n\n\n<figure class=\"wp-block-image size-large\"><img decoding=\"async\" src=\"https:\/\/1.bp.blogspot.com\/-pNAhnn97EBI\/YF07rwhU2lI\/AAAAAAAATd4\/7JwzkB5vrnwAh44bLoAPlQblU15UAzFugCLcBGAsYHQ\/w634-h640\/Anota%25C3%25A7%25C3%25A3o%2B2021-03-25%2B224049.jpg\" alt=\"\"\/><\/figure>\n\n\n<div class=\"separator\">Ol\u00e1, amigos cultos e ocultos! Hoje nosso encontro \u00e9 com a cantora Helena de Lima neste compacto do disco &#8220;Uma noite no Cangaceiro&#8221;, lp lan\u00e7ado em 1964. Aqui, neste resumo, um compacto simples, vamos encontrar um &#8216;pot-pourri&#8217; de sambas que fazem parte da faixa de abertura do lp e tamb\u00e9m &#8220;Sinfonia do Carnaval&#8221;, composi\u00e7\u00e3o da cantora (que tamb\u00e9m era compositora) em parceria com Concessa Lacerda. Este registro foi gravado ao vivo na lend\u00e1ria boate Cangaceiro. E como at\u00e9 hoje eu n\u00e3o postei o lp, vamos, pelo menos, com o seu compacto. Confiram no GTM&#8230;<\/div>\n<div class=\"separator\">\u00a0<\/div>\n<div class=\"separator\">sele\u00e7\u00e3o de sambas:<\/div>\n<div class=\"separator\">na cad\u00eancia do samba<\/div>\n<div class=\"separator\">diz que fui por a\u00ed<\/div>\n<div class=\"separator\">o sol nascer\u00e1<\/div>\n<div class=\"separator\">a fonte secou<\/div>\n<div class=\"separator\">mora na filosofia<\/div>\n<div class=\"separator\">sinfonia do carnaval<\/div>\n<div class=\"separator\">\u00a0<\/div>\n<div class=\"separator\">\u00a0<\/div>\n<div class=\"separator\">.<\/div>","protected":false},"excerpt":{"rendered":"<p>Ol\u00e1, amigos cultos e ocultos! Hoje nosso encontro \u00e9 com a cantora Helena de Lima neste compacto do disco &#8220;Uma noite no Cangaceiro&#8221;, lp lan\u00e7ado em 1964. Aqui, neste resumo, um compacto simples, vamos encontrar um &#8216;pot-pourri&#8217; de sambas que &hellip; <a href=\"https:\/\/www.toque-musicall.com\/?p=8363\">Continue lendo <span class=\"meta-nav\">&rarr;<\/span><\/a><\/p>\n","protected":false},"author":1,"featured_media":0,"comment_status":"closed","ping_status":"closed","sticky":false,"template":"","format":"standard","meta":{"footnotes":""},"categories":[93,1239,153],"tags":[3072,4386,3091],"class_list":["post-8363","post","type-post","status-publish","format-standard","hentry","category-compactos","category-helena-de-lima","category-selo-rge","tag-compactos","tag-helena-de-lima","tag-selo-rge"],"_links":{"self":[{"href":"https:\/\/www.toque-musicall.com\/index.php?rest_route=\/wp\/v2\/posts\/8363","targetHints":{"allow":["GET"]}}],"collection":[{"href":"https:\/\/www.toque-musicall.com\/index.php?rest_route=\/wp\/v2\/posts"}],"about":[{"href":"https:\/\/www.toque-musicall.com\/index.php?rest_route=\/wp\/v2\/types\/post"}],"author":[{"embeddable":true,"href":"https:\/\/www.toque-musicall.com\/index.php?rest_route=\/wp\/v2\/users\/1"}],"replies":[{"embeddable":true,"href":"https:\/\/www.toque-musicall.com\/index.php?rest_route=%2Fwp%2Fv2%2Fcomments&post=8363"}],"version-history":[{"count":1,"href":"https:\/\/www.toque-musicall.com\/index.php?rest_route=\/wp\/v2\/posts\/8363\/revisions"}],"predecessor-version":[{"id":8364,"href":"https:\/\/www.toque-musicall.com\/index.php?rest_route=\/wp\/v2\/posts\/8363\/revisions\/8364"}],"wp:attachment":[{"href":"https:\/\/www.toque-musicall.com\/index.php?rest_route=%2Fwp%2Fv2%2Fmedia&parent=8363"}],"wp:term":[{"taxonomy":"category","embeddable":true,"href":"https:\/\/www.toque-musicall.com\/index.php?rest_route=%2Fwp%2Fv2%2Fcategories&post=8363"},{"taxonomy":"post_tag","embeddable":true,"href":"https:\/\/www.toque-musicall.com\/index.php?rest_route=%2Fwp%2Fv2%2Ftags&post=8363"}],"curies":[{"name":"wp","href":"https:\/\/api.w.org\/{rel}","templated":true}]}}