{"id":8366,"date":"2021-03-28T14:05:00","date_gmt":"2021-03-28T17:05:00","guid":{"rendered":"http:\/\/www.toque-musicall.com\/?p=8366"},"modified":"2021-04-02T14:10:53","modified_gmt":"2021-04-02T17:10:53","slug":"fernando-bocca-1982","status":"publish","type":"post","link":"https:\/\/www.toque-musicall.com\/?p=8366","title":{"rendered":"Fernando Bocca (1982)"},"content":{"rendered":"\n<figure class=\"wp-block-image size-large\"><img decoding=\"async\" src=\"https:\/\/1.bp.blogspot.com\/-1YSFPFMUy3w\/YGZj2JnXZBI\/AAAAAAAATec\/EtZtmO9qCIoyHn2lVTt6lY5FqcLrsnK1wCLcBGAsYHQ\/w628-h640\/Anota%25C3%25A7%25C3%25A3o%2B2021-04-01%2B21175.jpg\" alt=\"\"\/><\/figure>\n\n\n\n<figure class=\"wp-block-image size-large\"><img decoding=\"async\" src=\"https:\/\/1.bp.blogspot.com\/-D4YR7fpZf9A\/YGZj2fvPuJI\/AAAAAAAATeg\/rG5-TF130z0kRybIW-J1ZWQdLTVuhc7pwCLcBGAsYHQ\/w640-h630\/Anota%25C3%25A7%25C3%25A3o%2B2021-04-01%2B211754.jpg\" alt=\"\"\/><\/figure>\n\n\n<div class=\"separator\">Boa noite, amigos cultos e ocultos! Quando vamos chegando quase ao final de nossa mostra de discos de 7 polegadas, me surgem uma dezena de outros que no caso j\u00e1 n\u00e3o cabem nessa apresenta\u00e7\u00e3o. Por\u00e9m, nada impede de que possam a serem postados regularmente em outro momento. Aqui, nada se perde, tudo se transforma e se renova.\u00a0<\/div>\n<div class=\"separator\">Bom, aqui temos um compacto do cantor e compositor mineiro Fernando Bocca. Acredito que este disquinho tenha sido lan\u00e7ado como cart\u00e3o de visita do artista que havia ent\u00e3o assinado com a RCA. Por\u00e9m, n\u00e3o h\u00e1 registro e eu n\u00e3o conhe\u00e7o o lp, por certo o disc\u00e3o n\u00e3o chegou a sair, uma pena&#8230; Mas aqui neste compacto simples temos dele duas can\u00e7\u00f5es que marcaram \u00e9poca, pelo menos aqui para n\u00f3s, mineiros de &#8216;belzonte&#8217;, &#8220;Bota lenha&#8221;, composi\u00e7\u00e3o dele em parceria com\u00a0 Abner Nascimento e Jo\u00e3o Boamorte e &#8220;Um abra\u00e7o eterno&#8221;, outra parceria com Abner Nascimento. Este compacto foi produzido pelo Est\u00e1quio Senna e os arranjos e reg\u00eancias s\u00e3o de Nivaldo Ornelas. Ta\u00ed, um compacto que vem se tornando raro por conta de colecionadores japoneses. Hoje em dia \u00e9 mais f\u00e1cil achar este compacto no Jap\u00e3o do que aqui, nos sebos e mercados livres da vida. Confiram no GTM&#8230;<\/div>\n<div class=\"separator\">\u00a0<\/div>\n<div class=\"separator\">bota lenha<\/div>\n<div class=\"separator\">um abra\u00e7o eterno<\/div>\n<div class=\"separator\">\u00a0<\/div>\n<div class=\"separator\">\u00a0<\/div>","protected":false},"excerpt":{"rendered":"<p>Boa noite, amigos cultos e ocultos! Quando vamos chegando quase ao final de nossa mostra de discos de 7 polegadas, me surgem uma dezena de outros que no caso j\u00e1 n\u00e3o cabem nessa apresenta\u00e7\u00e3o. Por\u00e9m, nada impede de que possam &hellip; <a href=\"https:\/\/www.toque-musicall.com\/?p=8366\">Continue lendo <span class=\"meta-nav\">&rarr;<\/span><\/a><\/p>\n","protected":false},"author":1,"featured_media":0,"comment_status":"closed","ping_status":"closed","sticky":false,"template":"","format":"standard","meta":{"footnotes":""},"categories":[93,3517,18],"tags":[3072,3522,3040],"class_list":["post-8366","post","type-post","status-publish","format-standard","hentry","category-compactos","category-fernando-bocca","category-selo-rca","tag-compactos","tag-fernando-bocca","tag-selo-rca"],"_links":{"self":[{"href":"https:\/\/www.toque-musicall.com\/index.php?rest_route=\/wp\/v2\/posts\/8366","targetHints":{"allow":["GET"]}}],"collection":[{"href":"https:\/\/www.toque-musicall.com\/index.php?rest_route=\/wp\/v2\/posts"}],"about":[{"href":"https:\/\/www.toque-musicall.com\/index.php?rest_route=\/wp\/v2\/types\/post"}],"author":[{"embeddable":true,"href":"https:\/\/www.toque-musicall.com\/index.php?rest_route=\/wp\/v2\/users\/1"}],"replies":[{"embeddable":true,"href":"https:\/\/www.toque-musicall.com\/index.php?rest_route=%2Fwp%2Fv2%2Fcomments&post=8366"}],"version-history":[{"count":1,"href":"https:\/\/www.toque-musicall.com\/index.php?rest_route=\/wp\/v2\/posts\/8366\/revisions"}],"predecessor-version":[{"id":8367,"href":"https:\/\/www.toque-musicall.com\/index.php?rest_route=\/wp\/v2\/posts\/8366\/revisions\/8367"}],"wp:attachment":[{"href":"https:\/\/www.toque-musicall.com\/index.php?rest_route=%2Fwp%2Fv2%2Fmedia&parent=8366"}],"wp:term":[{"taxonomy":"category","embeddable":true,"href":"https:\/\/www.toque-musicall.com\/index.php?rest_route=%2Fwp%2Fv2%2Fcategories&post=8366"},{"taxonomy":"post_tag","embeddable":true,"href":"https:\/\/www.toque-musicall.com\/index.php?rest_route=%2Fwp%2Fv2%2Ftags&post=8366"}],"curies":[{"name":"wp","href":"https:\/\/api.w.org\/{rel}","templated":true}]}}