{"id":8368,"date":"2021-03-29T14:12:00","date_gmt":"2021-03-29T17:12:00","guid":{"rendered":"http:\/\/www.toque-musicall.com\/?p=8368"},"modified":"2021-04-02T14:21:26","modified_gmt":"2021-04-02T17:21:26","slug":"luiza-compacto-1965","status":"publish","type":"post","link":"https:\/\/www.toque-musicall.com\/?p=8368","title":{"rendered":"Luiza &#8211; Compacto (1965)"},"content":{"rendered":"\n<figure class=\"wp-block-image size-large\"><img decoding=\"async\" src=\"https:\/\/1.bp.blogspot.com\/-lqD74lwQXNA\/YGcJLbQ7QHI\/AAAAAAAATeo\/Kk8Ql-GXVasqSvVu7omZ1q7KXsmvMVDFwCLcBGAsYHQ\/w640-h638\/Anota%25C3%25A7%25C3%25A3o%2B2021-04-02%2B084445.jpg\" alt=\"\"\/><\/figure>\n\n\n\n<figure class=\"wp-block-image size-large\"><img decoding=\"async\" src=\"https:\/\/1.bp.blogspot.com\/-Xru_VcQuaDo\/YGcJLchRvbI\/AAAAAAAATes\/n68mFbA8jCg_x7-2S-uVPAVyneMe6EPGgCLcBGAsYHQ\/w640-h636\/Anota%25C3%25A7%25C3%25A3o%2B2021-04-02%2B084542.jpg\" alt=\"\"\/><\/figure>\n\n\n<div class=\"separator\">Bom dia a todos, amigos cultos e ocultos! Olha s\u00f3 o disquinho que temos aqui&#8230; Uma aut\u00eantica raridade que at\u00e9 ent\u00e3o eu n\u00e3o vi compartilhada em lugar algum. At\u00e9 mesmo no Youtube voc\u00eas n\u00e3o encontravam. Agora, com certeza, logo vai estar l\u00e1, assim como boa parte do que publicamos aqui no blog acaba indo para l\u00e1. Mas quando a ideia \u00e9, al\u00e9m de ouvir, ver o disco, a capa e selo, s\u00f3 mesmo participando do Grupo do Toque Musical, L\u00e1 se pode baixar o arquivo completo. Mas, para quem n\u00e3o sabe, os links s\u00e3o tempor\u00e1rios e n\u00e3o fazemos reposi\u00e7\u00e3o. Portanto \u00e9 bom sempre ficar ligado no que publicamos por aqui para n\u00e3o perder nada.<\/div>\n<div class=\"separator\">Ent\u00e3o, temos aqui a cantora Luiza, que surgiu nos anos 60 como uma revela\u00e7\u00e3o da Bossa Nova. Gravou em 64 seu primeiro e \u00fanico lp, um disco hoje consagrado, raro e que s\u00f3 a alguns anos atr\u00e1s recebeu uma reedi\u00e7\u00e3o em cd. O que fez o disco dela ser especial, al\u00e9m de sua bel\u00edssima voz e estampa foi o fato de ter sido nele que aparece uma primeira parceria de Dori Caymmi e Edu Lobo. O disco \u00e9 recheado de compositores bossanovistas e dele participam v\u00e1rios, entre esses, Milton Nascimento e Wagner Tiso, em in\u00edcio de carreira. Para dourar mais a coisa, temos tamb\u00e9m a participa\u00e7\u00e3o, arranjos e reg\u00eancias do maestro Moacir Santos. Da\u00ed se v\u00ea que Luiza estava com a bola toda. Embora vivendo intensamente as transforma\u00e7\u00f5es musicais da \u00e9poca, tendo seu apartamento sempre bem frequentado por outros artistas, assim como Nara Le\u00e3o, em seu apartamento, Luiza acabou seguindo carreira no magist\u00e9rio, se tornando professora, casou e foi ser dona de casa. Por\u00e9m, ainda naqueles anos de efervesc\u00eancia da Bossa Nova, ela foi novamente requisitada para gravar este disquinho que \u00e9 mesmo, em resumo, um compacto de suas apresenta\u00e7\u00f5es ao lado do 3D Trio, em um espet\u00e1culo que eles faziam no Rio, no Teatro Princesa Isabel. Nele encontramos as composi\u00e7\u00f5es, &#8220;Chuva&#8221;, de Durval Ferreira e Pedro Camargo e &#8220;Lenda&#8221;, de Marcos Valle e Luiz Freire. Os arranjos s\u00e3o de Antonio Adolfo. Este foi assim, seu tamb\u00e9m \u00fanico compacto, hoje um disquinho ainda mais raro que o lp, pois nunca chegou a ser reeditado. S\u00f3 mesmo no Toque Musical&#8230; Confiram no GTM.<\/div>\n<div class=\"separator\">\u00a0<\/div>\n<div class=\"separator\">chuva<\/div>\n<div class=\"separator\">lenda<\/div>\n<div class=\"separator\">\u00a0<\/div>\n<div class=\"separator\">\u00a0<\/div>","protected":false},"excerpt":{"rendered":"<p>Bom dia a todos, amigos cultos e ocultos! Olha s\u00f3 o disquinho que temos aqui&#8230; Uma aut\u00eantica raridade que at\u00e9 ent\u00e3o eu n\u00e3o vi compartilhada em lugar algum. At\u00e9 mesmo no Youtube voc\u00eas n\u00e3o encontravam. Agora, com certeza, logo vai &hellip; <a href=\"https:\/\/www.toque-musicall.com\/?p=8368\">Continue lendo <span class=\"meta-nav\">&rarr;<\/span><\/a><\/p>\n","protected":false},"author":1,"featured_media":0,"comment_status":"closed","ping_status":"closed","sticky":false,"template":"","format":"standard","meta":{"footnotes":""},"categories":[93,2700,70,1997],"tags":[3072,4387,3061,4388],"class_list":["post-8368","post","type-post","status-publish","format-standard","hentry","category-compactos","category-luiza","category-selo-rca-victor","category-trio-3d","tag-compactos","tag-luiza","tag-selo-rca-victor","tag-trio-3d"],"_links":{"self":[{"href":"https:\/\/www.toque-musicall.com\/index.php?rest_route=\/wp\/v2\/posts\/8368","targetHints":{"allow":["GET"]}}],"collection":[{"href":"https:\/\/www.toque-musicall.com\/index.php?rest_route=\/wp\/v2\/posts"}],"about":[{"href":"https:\/\/www.toque-musicall.com\/index.php?rest_route=\/wp\/v2\/types\/post"}],"author":[{"embeddable":true,"href":"https:\/\/www.toque-musicall.com\/index.php?rest_route=\/wp\/v2\/users\/1"}],"replies":[{"embeddable":true,"href":"https:\/\/www.toque-musicall.com\/index.php?rest_route=%2Fwp%2Fv2%2Fcomments&post=8368"}],"version-history":[{"count":1,"href":"https:\/\/www.toque-musicall.com\/index.php?rest_route=\/wp\/v2\/posts\/8368\/revisions"}],"predecessor-version":[{"id":8369,"href":"https:\/\/www.toque-musicall.com\/index.php?rest_route=\/wp\/v2\/posts\/8368\/revisions\/8369"}],"wp:attachment":[{"href":"https:\/\/www.toque-musicall.com\/index.php?rest_route=%2Fwp%2Fv2%2Fmedia&parent=8368"}],"wp:term":[{"taxonomy":"category","embeddable":true,"href":"https:\/\/www.toque-musicall.com\/index.php?rest_route=%2Fwp%2Fv2%2Fcategories&post=8368"},{"taxonomy":"post_tag","embeddable":true,"href":"https:\/\/www.toque-musicall.com\/index.php?rest_route=%2Fwp%2Fv2%2Ftags&post=8368"}],"curies":[{"name":"wp","href":"https:\/\/api.w.org\/{rel}","templated":true}]}}