{"id":8377,"date":"2021-04-02T22:11:00","date_gmt":"2021-04-03T01:11:00","guid":{"rendered":"http:\/\/www.toque-musicall.com\/?p=8377"},"modified":"2021-04-04T22:16:59","modified_gmt":"2021-04-05T01:16:59","slug":"anamaria-mauricio-no-no-no-estamos-na-nossa-1970","status":"publish","type":"post","link":"https:\/\/www.toque-musicall.com\/?p=8377","title":{"rendered":"Anamaria &#038; Mauricio &#8211; No No No&#8230; Estamos Na Nossa (1970)"},"content":{"rendered":"\n<figure class=\"wp-block-image size-large\"><img decoding=\"async\" src=\"https:\/\/1.bp.blogspot.com\/-_0D2dV1yKGo\/YGpYTeOpveI\/AAAAAAAATf8\/xr4xVGo-LKkk0eGoqosLXys5g3y1TQRpwCLcBGAsYHQ\/w640-h640\/Anota%25C3%25A7%25C3%25A3o%2B2021-04-04%2B205807.jpg\" alt=\"\"\/><\/figure>\n\n\n\n<figure class=\"wp-block-image size-large\"><img decoding=\"async\" src=\"https:\/\/1.bp.blogspot.com\/-oUGikzFEE1c\/YGpYTfV7zgI\/AAAAAAAATf4\/ClH7-9BeVoI3jjbyGDjKjKjhBprpdgFLQCLcBGAsYHQ\/w616-h640\/Anota%25C3%25A7%25C3%25A3o%2B2021-04-04%2B205915.jpg\" alt=\"\"\/><\/figure>\n\n\n<div class=\"separator\">Ol\u00e1, amigos cultos e ocultos! Hoje estou trazendo um disco que h\u00e1 muito j\u00e1 devia ter entrado em nossa lista. Por\u00e9m, de um disco um tanto quanto obscuro, se tornou na \u00faltima d\u00e9cada uma badala\u00e7\u00e3o, muito por conta dos gringos que o descobriram e da\u00ed, voc\u00eas j\u00e1 sabem, recebeu a &#8216;chancela&#8217; internacional, se torna logo o supra-sumo da raridade, objeto de desejo das novas gera\u00e7\u00f5es de colecionadores. O disco passou a constar em todos os blogs de m\u00fasica e o Toque Musical para n\u00e3o ficar repetindo o refr\u00e3o acabou por n\u00e3o public\u00e1-lo. Mas agora, passada toda a onda, ele vem parar aqui na nossa praia&#8230;<\/div>\n<div class=\"separator\">&#8220;No, no no&#8230; Estamos na nossa&#8221; foi um disco produzido pela gravadora Chantecler para o selo americano MCA Records, o que nos sugere uma pretens\u00e3o de lan\u00e7amento internacional, coisa que creio, naquela \u00e9poca, n\u00e3o aconteceu. Mas o que faz este disco ser assim t\u00e3o especial, al\u00e9m dessa afinada dupla \u00e9 sem d\u00favida o corpo que d\u00e1 vida ao disco, ou seja, o time de m\u00fasicos envolvidos no projeto e tamb\u00e9m o repert\u00f3rio, muito bem selecionado. Anamaria e Maur\u00edcio foram descobertos por Ant\u00f4nio Adolfo, conforme ele mesmo conta no texto de contracapa, no final dos anos 60. &#8220;No.no, no&#8230; Estamos na nossa&#8221; \u00e9 um disco surpreendente pois conta com arranjos de Francisco de Moraes, Arthur Verocai e o Jongo Trio que tamb\u00e9m \u00e9 quem acompanha a dupla. Participam tamb\u00e9m do disco o guitarista Lanny Gordin e o percussionista Carlinhos (?). A sele\u00e7\u00e3o musical foi feita por Antonio Adolfo, que parece tamb\u00e9m participar nas grava\u00e7\u00f5es. Aqui temos m\u00fasicas de Marcos Valle, Ivan Lins, Fernando\u00a0 Lona, Ruy Maurity, seus parceiros e outros&#8230; Disco realmente muito bacana que voc\u00eas poder\u00e3o conferir de novo no nosso GTM&#8230;<\/div>\n<div class=\"separator\">\u00a0<\/div>\n<div class=\"separator\">freio aerodin\u00e2mico<\/div>\n<div class=\"separator\">l\u00ea l\u00ea l\u00ea<\/div>\n<div class=\"separator\">marina eu vou<\/div>\n<div class=\"separator\">escrito na parede da varanda<\/div>\n<div class=\"separator\">no, no, no&#8230; estamos na nossa<\/div>\n<div class=\"separator\">madalena<\/div>\n<div class=\"separator\">quem vem l\u00e1<\/div>\n<div class=\"separator\">pelo teletipo<\/div>\n<div class=\"separator\">am\u00e9m, am\u00e9rica<\/div>\n<div class=\"separator\">ele e ela<\/div>\n<div class=\"separator\">minie<\/div>\n<div class=\"separator\">fotograma click<\/div>\n<div class=\"separator\">\u00a0<\/div>\n<div class=\"separator\">\u00a0<\/div>","protected":false},"excerpt":{"rendered":"<p>Ol\u00e1, amigos cultos e ocultos! Hoje estou trazendo um disco que h\u00e1 muito j\u00e1 devia ter entrado em nossa lista. Por\u00e9m, de um disco um tanto quanto obscuro, se tornou na \u00faltima d\u00e9cada uma badala\u00e7\u00e3o, muito por conta dos gringos &hellip; <a href=\"https:\/\/www.toque-musicall.com\/?p=8377\">Continue lendo <span class=\"meta-nav\">&rarr;<\/span><\/a><\/p>\n","protected":false},"author":1,"featured_media":0,"comment_status":"closed","ping_status":"closed","sticky":false,"template":"","format":"standard","meta":{"footnotes":""},"categories":[4394,2999],"tags":[4395,4396],"class_list":["post-8377","post","type-post","status-publish","format-standard","hentry","category-anamaria-mauricio","category-selo-mca-records","tag-anamaria-mauricio","tag-selo-mca-records"],"_links":{"self":[{"href":"https:\/\/www.toque-musicall.com\/index.php?rest_route=\/wp\/v2\/posts\/8377","targetHints":{"allow":["GET"]}}],"collection":[{"href":"https:\/\/www.toque-musicall.com\/index.php?rest_route=\/wp\/v2\/posts"}],"about":[{"href":"https:\/\/www.toque-musicall.com\/index.php?rest_route=\/wp\/v2\/types\/post"}],"author":[{"embeddable":true,"href":"https:\/\/www.toque-musicall.com\/index.php?rest_route=\/wp\/v2\/users\/1"}],"replies":[{"embeddable":true,"href":"https:\/\/www.toque-musicall.com\/index.php?rest_route=%2Fwp%2Fv2%2Fcomments&post=8377"}],"version-history":[{"count":1,"href":"https:\/\/www.toque-musicall.com\/index.php?rest_route=\/wp\/v2\/posts\/8377\/revisions"}],"predecessor-version":[{"id":8378,"href":"https:\/\/www.toque-musicall.com\/index.php?rest_route=\/wp\/v2\/posts\/8377\/revisions\/8378"}],"wp:attachment":[{"href":"https:\/\/www.toque-musicall.com\/index.php?rest_route=%2Fwp%2Fv2%2Fmedia&parent=8377"}],"wp:term":[{"taxonomy":"category","embeddable":true,"href":"https:\/\/www.toque-musicall.com\/index.php?rest_route=%2Fwp%2Fv2%2Fcategories&post=8377"},{"taxonomy":"post_tag","embeddable":true,"href":"https:\/\/www.toque-musicall.com\/index.php?rest_route=%2Fwp%2Fv2%2Ftags&post=8377"}],"curies":[{"name":"wp","href":"https:\/\/api.w.org\/{rel}","templated":true}]}}