{"id":8380,"date":"2021-04-03T17:24:00","date_gmt":"2021-04-03T20:24:00","guid":{"rendered":"http:\/\/www.toque-musicall.com\/?p=8380"},"modified":"2021-04-11T18:13:24","modified_gmt":"2021-04-11T21:13:24","slug":"agnaldo-timoteo-obrigado-querida-1967","status":"publish","type":"post","link":"https:\/\/www.toque-musicall.com\/?p=8380","title":{"rendered":"Agnaldo Tim\u00f3teo &#8211; Obrigado Querida (1967)"},"content":{"rendered":"\n<figure class=\"wp-block-image size-large\"><img decoding=\"async\" src=\"https:\/\/1.bp.blogspot.com\/-ofNYXB8ucZE\/YGzdVV4bu1I\/AAAAAAAATgM\/uX6yotE-8IkFM5sZyG4xAE2Z5tzXYx4gwCLcBGAsYHQ\/w640-h640\/Front%2B2.jpg\" alt=\"\"\/><\/figure>\n\n\n\n<figure class=\"wp-block-image size-large\"><img decoding=\"async\" src=\"https:\/\/1.bp.blogspot.com\/-L3p5S1sDqFI\/YGzdVQaJDsI\/AAAAAAAATgI\/bTVfhldnul4cp_TOIQ-gvl1VxcPkltMrgCLcBGAsYHQ\/w636-h640\/Back%2B2.jpg\" alt=\"\"\/><\/figure>\n\n\n<div class=\"separator\">Ol\u00e1, amigos cultos e ocultos. Para a nossa tristeza, hoje l\u00e1 se foi o Agnaldo Tim\u00f3teo. Mais um grande artista que estamos perdendo, mas que fica tamb\u00e9m para sempre na mem\u00f3ria da m\u00fasica popular brasileira. Um cantor controverso, pol\u00eamico, mas acima de tudo de um grande car\u00e1ter.\u00a0<\/div>\n<div class=\"separator\">Fica aqui a nossa homenagem a ele em um de seus discos de maior sucesso, o &#8220;Obrigado Querida&#8221;. Neste temos uma s\u00e9rie de m\u00fasicas inesquec\u00edveis, vers\u00f5es de &#8216;hits&#8217; estrangeiros que fizeram sucesso em sua interpreta\u00e7\u00e3o. Um disco tamb\u00e9m com clima de Jovem Guarda, porque n\u00e3o? Vale a pena relembrar&#8230; Grande Agnaldo Tim\u00f3teo! Agora cantando no C\u00e9u. Confiram no GTM&#8230;<\/div>\n<div class=\"separator\">\u00a0<\/div>\n<div class=\"separator\">meu grito<\/div>\n<div class=\"separator\">livre (born free)<\/div>\n<div class=\"separator\">n\u00e3o pensa em mim (non pensare a mi)<\/div>\n<div class=\"separator\">se tu n\u00e3o fosse t\u00e3o linda (se tu non fossi bella come sei)<\/div>\n<div class=\"separator\">creio sim (non credo)<\/div>\n<div class=\"separator\">junto a ti eu terei paz (fais-la rire)<\/div>\n<div class=\"separator\">mam\u00e3e estou t\u00e3o feliz (mamma)<\/div>\n<div class=\"separator\">n\u00e3o me deixe mais<\/div>\n<div class=\"separator\">os verdes campos da minha terra (green green grass of home)<\/div>\n<div class=\"separator\">l&#8217;amour toujours l&#8217;amour<\/div>\n<div class=\"separator\">obrigado querida (mercy cherie)<\/div>\n<div class=\"separator\">quando n\u00e3o me quizeres mais\u00a0 (quando vedro)<\/div>\n<div class=\"separator\">\u00a0<\/div>\n<div class=\"separator\">\u00a0<\/div>\n<div class=\"separator\">.<\/div>\n<div>\u00a0<\/div>","protected":false},"excerpt":{"rendered":"<p>Ol\u00e1, amigos cultos e ocultos. Para a nossa tristeza, hoje l\u00e1 se foi o Agnaldo Tim\u00f3teo. Mais um grande artista que estamos perdendo, mas que fica tamb\u00e9m para sempre na mem\u00f3ria da m\u00fasica popular brasileira. Um cantor controverso, pol\u00eamico, mas &hellip; <a href=\"https:\/\/www.toque-musicall.com\/?p=8380\">Continue lendo <span class=\"meta-nav\">&rarr;<\/span><\/a><\/p>\n","protected":false},"author":1,"featured_media":0,"comment_status":"closed","ping_status":"closed","sticky":false,"template":"","format":"standard","meta":{"footnotes":""},"categories":[3013,86],"tags":[4397,3153],"class_list":["post-8380","post","type-post","status-publish","format-standard","hentry","category-agnaldo-timoteo","category-selo-odeon","tag-agnaldo-timoteo","tag-selo-odeon"],"_links":{"self":[{"href":"https:\/\/www.toque-musicall.com\/index.php?rest_route=\/wp\/v2\/posts\/8380","targetHints":{"allow":["GET"]}}],"collection":[{"href":"https:\/\/www.toque-musicall.com\/index.php?rest_route=\/wp\/v2\/posts"}],"about":[{"href":"https:\/\/www.toque-musicall.com\/index.php?rest_route=\/wp\/v2\/types\/post"}],"author":[{"embeddable":true,"href":"https:\/\/www.toque-musicall.com\/index.php?rest_route=\/wp\/v2\/users\/1"}],"replies":[{"embeddable":true,"href":"https:\/\/www.toque-musicall.com\/index.php?rest_route=%2Fwp%2Fv2%2Fcomments&post=8380"}],"version-history":[{"count":1,"href":"https:\/\/www.toque-musicall.com\/index.php?rest_route=\/wp\/v2\/posts\/8380\/revisions"}],"predecessor-version":[{"id":8381,"href":"https:\/\/www.toque-musicall.com\/index.php?rest_route=\/wp\/v2\/posts\/8380\/revisions\/8381"}],"wp:attachment":[{"href":"https:\/\/www.toque-musicall.com\/index.php?rest_route=%2Fwp%2Fv2%2Fmedia&parent=8380"}],"wp:term":[{"taxonomy":"category","embeddable":true,"href":"https:\/\/www.toque-musicall.com\/index.php?rest_route=%2Fwp%2Fv2%2Fcategories&post=8380"},{"taxonomy":"post_tag","embeddable":true,"href":"https:\/\/www.toque-musicall.com\/index.php?rest_route=%2Fwp%2Fv2%2Ftags&post=8380"}],"curies":[{"name":"wp","href":"https:\/\/api.w.org\/{rel}","templated":true}]}}