{"id":8384,"date":"2021-04-05T20:15:00","date_gmt":"2021-04-05T23:15:00","guid":{"rendered":"http:\/\/www.toque-musicall.com\/?p=8384"},"modified":"2021-04-11T20:18:07","modified_gmt":"2021-04-11T23:18:07","slug":"fafa-lemos-e-seu-violino-com-surdina-1958","status":"publish","type":"post","link":"https:\/\/www.toque-musicall.com\/?p=8384","title":{"rendered":"Faf\u00e1 Lemos E Seu Violino Com Surdina (1958)"},"content":{"rendered":"\n<figure class=\"wp-block-image size-large\"><img decoding=\"async\" src=\"https:\/\/1.bp.blogspot.com\/-9S-ysrJKySc\/YHN-yYJLmQI\/AAAAAAAAThM\/7WSbJvZbdewkvNLsRaPX6rSHcB_N4iZpwCLcBGAsYHQ\/w638-h640\/Anota%25C3%25A7%25C3%25A3o%2B2021-04-11%2B194842.jpg\" alt=\"\"\/><\/figure>\n\n\n\n<figure class=\"wp-block-image size-large\"><img decoding=\"async\" src=\"https:\/\/1.bp.blogspot.com\/-FydVmfH3nDA\/YHN-ymSRwkI\/AAAAAAAAThQ\/x2jWNlY-jJ806b9rsdYdcOlcNZfChYuSQCLcBGAsYHQ\/w640-h640\/Anota%25C3%25A7%25C3%25A3o%2B2021-04-11%2B194921.jpg\" alt=\"\"\/><\/figure>\n\n\n<div class=\"separator\">Ol\u00e1 amigos cultos e ocultos! Aqui vamos n\u00f3s, hoje com o lend\u00e1rio violonista Faf\u00e1 Lemos em um de seus muitos discos gravados pela RCA Victor. Neste, lp de 10 polegadas, lan\u00e7ado em 1958 traz um repert\u00f3rio quase\u00a0 todo instrumental de sambas, choros, maxixe, bai\u00e3o e beguines, todos temas bem conhecidos que n\u00e3o tem como n\u00e3o agradar. Em &#8220;Time Perna de Pau&#8221;, um samba bem na linha Adoniran Barbosa, temos tamb\u00e9m o prazer de ouvir o Faf\u00e1 cantando. Disquinho bacana, podem conferir&#8230;<\/div>\n<div class=\"separator\">\u00a0<\/div>\n<div class=\"separator\">feiti\u00e7o da vila<\/div>\n<div class=\"separator\">delicado<\/div>\n<div class=\"separator\">time perna de pau<\/div>\n<div class=\"separator\">mil violinos<\/div>\n<div class=\"separator\">dengoso<\/div>\n<div class=\"separator\">ch\u00e3o de estrelas<\/div>\n<div class=\"separator\">giannina mia<\/div>\n<div class=\"separator\">faf\u00e1 em hollywood<\/div>","protected":false},"excerpt":{"rendered":"<p>Ol\u00e1 amigos cultos e ocultos! Aqui vamos n\u00f3s, hoje com o lend\u00e1rio violonista Faf\u00e1 Lemos em um de seus muitos discos gravados pela RCA Victor. Neste, lp de 10 polegadas, lan\u00e7ado em 1958 traz um repert\u00f3rio quase\u00a0 todo instrumental de &hellip; <a href=\"https:\/\/www.toque-musicall.com\/?p=8384\">Continue lendo <span class=\"meta-nav\">&rarr;<\/span><\/a><\/p>\n","protected":false},"author":1,"featured_media":0,"comment_status":"closed","ping_status":"closed","sticky":false,"template":"","format":"standard","meta":{"footnotes":""},"categories":[743,70],"tags":[4166,3061],"class_list":["post-8384","post","type-post","status-publish","format-standard","hentry","category-fafa-lemos","category-selo-rca-victor","tag-fafa-lemos","tag-selo-rca-victor"],"_links":{"self":[{"href":"https:\/\/www.toque-musicall.com\/index.php?rest_route=\/wp\/v2\/posts\/8384","targetHints":{"allow":["GET"]}}],"collection":[{"href":"https:\/\/www.toque-musicall.com\/index.php?rest_route=\/wp\/v2\/posts"}],"about":[{"href":"https:\/\/www.toque-musicall.com\/index.php?rest_route=\/wp\/v2\/types\/post"}],"author":[{"embeddable":true,"href":"https:\/\/www.toque-musicall.com\/index.php?rest_route=\/wp\/v2\/users\/1"}],"replies":[{"embeddable":true,"href":"https:\/\/www.toque-musicall.com\/index.php?rest_route=%2Fwp%2Fv2%2Fcomments&post=8384"}],"version-history":[{"count":1,"href":"https:\/\/www.toque-musicall.com\/index.php?rest_route=\/wp\/v2\/posts\/8384\/revisions"}],"predecessor-version":[{"id":8385,"href":"https:\/\/www.toque-musicall.com\/index.php?rest_route=\/wp\/v2\/posts\/8384\/revisions\/8385"}],"wp:attachment":[{"href":"https:\/\/www.toque-musicall.com\/index.php?rest_route=%2Fwp%2Fv2%2Fmedia&parent=8384"}],"wp:term":[{"taxonomy":"category","embeddable":true,"href":"https:\/\/www.toque-musicall.com\/index.php?rest_route=%2Fwp%2Fv2%2Fcategories&post=8384"},{"taxonomy":"post_tag","embeddable":true,"href":"https:\/\/www.toque-musicall.com\/index.php?rest_route=%2Fwp%2Fv2%2Ftags&post=8384"}],"curies":[{"name":"wp","href":"https:\/\/api.w.org\/{rel}","templated":true}]}}